{"id":11723,"date":"2022-05-23T15:14:28","date_gmt":"2022-05-23T15:14:28","guid":{"rendered":"https:\/\/www.colescba.org.ar\/portal\/?p=11723"},"modified":"2022-05-23T15:14:29","modified_gmt":"2022-05-23T15:14:29","slug":"convenio-mediacion-mx","status":"publish","type":"post","link":"https:\/\/www.colescba.org.ar\/portal\/novedades\/centro-institucional-de-mediacion\/convenio-mediacion-mx-23-05-2022","title":{"rendered":"Convenio Mediaci\u00f3n-MX"},"content":{"rendered":"\n<p>Las autoridades del Centro suscribieron un convenio de colaboraci\u00f3n con el Centro de Mediaci\u00f3n de la Ciudad de M\u00e9xico \u00abMediaci\u00f3n MX\u00bb, representado por la Mtra. Mar\u00eda Teresa Cruz Abrego.<\/p>\n\n\n\n<p>En este sentido, el Centro sigue construyendo lazos con pa\u00edses hermanos,en este caso, M\u00e9xico.<\/p>\n\n\n\n<p><\/p>\n\n\n\n<p><\/p>\n","protected":false},"excerpt":{"rendered":"<p>Las autoridades del Centro suscribieron un convenio de colaboraci\u00f3n con el Centro de Mediaci\u00f3n de la Ciudad de M\u00e9xico \u00abMediaci\u00f3n MX\u00bb, representado por la Mtra. Mar\u00eda Teresa Cruz Abrego. En este sentido, el Centro sigue construyendo lazos con pa\u00edses hermanos,en este caso, M\u00e9xico.<\/p>\n","protected":false},"author":10,"featured_media":11724,"comment_status":"closed","ping_status":"closed","sticky":false,"template":"","format":"standard","meta":{"footnotes":""},"categories":[91],"tags":[],"noticias":[],"class_list":["post-11723","post","type-post","status-publish","format-standard","has-post-thumbnail","hentry","category-centro-institucional-de-mediacion"],"acf":[],"_links":{"self":[{"href":"https:\/\/www.colescba.org.ar\/portal\/wp-json\/wp\/v2\/posts\/11723","targetHints":{"allow":["GET"]}}],"collection":[{"href":"https:\/\/www.colescba.org.ar\/portal\/wp-json\/wp\/v2\/posts"}],"about":[{"href":"https:\/\/www.colescba.org.ar\/portal\/wp-json\/wp\/v2\/types\/post"}],"author":[{"embeddable":true,"href":"https:\/\/www.colescba.org.ar\/portal\/wp-json\/wp\/v2\/users\/10"}],"replies":[{"embeddable":true,"href":"https:\/\/www.colescba.org.ar\/portal\/wp-json\/wp\/v2\/comments?post=11723"}],"version-history":[{"count":1,"href":"https:\/\/www.colescba.org.ar\/portal\/wp-json\/wp\/v2\/posts\/11723\/revisions"}],"predecessor-version":[{"id":11725,"href":"https:\/\/www.colescba.org.ar\/portal\/wp-json\/wp\/v2\/posts\/11723\/revisions\/11725"}],"wp:featuredmedia":[{"embeddable":true,"href":"https:\/\/www.colescba.org.ar\/portal\/wp-json\/wp\/v2\/media\/11724"}],"wp:attachment":[{"href":"https:\/\/www.colescba.org.ar\/portal\/wp-json\/wp\/v2\/media?parent=11723"}],"wp:term":[{"taxonomy":"category","embeddable":true,"href":"https:\/\/www.colescba.org.ar\/portal\/wp-json\/wp\/v2\/categories?post=11723"},{"taxonomy":"post_tag","embeddable":true,"href":"https:\/\/www.colescba.org.ar\/portal\/wp-json\/wp\/v2\/tags?post=11723"},{"taxonomy":"noticias","embeddable":true,"href":"https:\/\/www.colescba.org.ar\/portal\/wp-json\/wp\/v2\/noticias?post=11723"}],"curies":[{"name":"wp","href":"https:\/\/api.w.org\/{rel}","templated":true}]}}