{"id":12976,"date":"2022-06-24T13:39:45","date_gmt":"2022-06-24T16:39:45","guid":{"rendered":"https:\/\/www.colescba.org.ar\/portal\/?p=12976"},"modified":"2022-06-24T13:39:46","modified_gmt":"2022-06-24T16:39:46","slug":"gestion-de-conflictos-en-el-ambito-comunitario","status":"publish","type":"post","link":"https:\/\/www.colescba.org.ar\/portal\/novedades\/centro-institucional-de-mediacion\/gestion-de-conflictos-en-el-ambito-comunitario-24-06-2022","title":{"rendered":"Gesti\u00f3n de conflictos en el \u00e1mbito comunitario"},"content":{"rendered":"\n<p>Las autoridades del Centro agradecen especialmente a Natalia Messineo por haberles brindado su vasta experiencia y expertiz en este tema tan necesario para construir cada d\u00eda espacios saludables de di\u00e1logo y consenso.<\/p>\n\n\n\n<p>Desde el Centro de Mediaci\u00f3n continuamos formando mediadores multidisciplinarios en todos los \u00e1mbitos. \u00a1Gracias a todos los mediadores voluntarios que se han sumado!<\/p>\n\n\n\n<p><\/p>\n","protected":false},"excerpt":{"rendered":"<p>Las autoridades del Centro agradecen especialmente a Natalia Messineo por haberles brindado su vasta experiencia y expertiz en este tema tan necesario para construir cada d\u00eda espacios saludables de di\u00e1logo y consenso. Desde el Centro de Mediaci\u00f3n continuamos formando mediadores multidisciplinarios en todos los \u00e1mbitos. \u00a1Gracias a todos los mediadores voluntarios que se han sumado!<\/p>\n","protected":false},"author":10,"featured_media":12977,"comment_status":"closed","ping_status":"closed","sticky":false,"template":"","format":"standard","meta":{"footnotes":""},"categories":[91],"tags":[],"noticias":[],"class_list":["post-12976","post","type-post","status-publish","format-standard","has-post-thumbnail","hentry","category-centro-institucional-de-mediacion"],"acf":[],"_links":{"self":[{"href":"https:\/\/www.colescba.org.ar\/portal\/wp-json\/wp\/v2\/posts\/12976","targetHints":{"allow":["GET"]}}],"collection":[{"href":"https:\/\/www.colescba.org.ar\/portal\/wp-json\/wp\/v2\/posts"}],"about":[{"href":"https:\/\/www.colescba.org.ar\/portal\/wp-json\/wp\/v2\/types\/post"}],"author":[{"embeddable":true,"href":"https:\/\/www.colescba.org.ar\/portal\/wp-json\/wp\/v2\/users\/10"}],"replies":[{"embeddable":true,"href":"https:\/\/www.colescba.org.ar\/portal\/wp-json\/wp\/v2\/comments?post=12976"}],"version-history":[{"count":1,"href":"https:\/\/www.colescba.org.ar\/portal\/wp-json\/wp\/v2\/posts\/12976\/revisions"}],"predecessor-version":[{"id":12978,"href":"https:\/\/www.colescba.org.ar\/portal\/wp-json\/wp\/v2\/posts\/12976\/revisions\/12978"}],"wp:featuredmedia":[{"embeddable":true,"href":"https:\/\/www.colescba.org.ar\/portal\/wp-json\/wp\/v2\/media\/12977"}],"wp:attachment":[{"href":"https:\/\/www.colescba.org.ar\/portal\/wp-json\/wp\/v2\/media?parent=12976"}],"wp:term":[{"taxonomy":"category","embeddable":true,"href":"https:\/\/www.colescba.org.ar\/portal\/wp-json\/wp\/v2\/categories?post=12976"},{"taxonomy":"post_tag","embeddable":true,"href":"https:\/\/www.colescba.org.ar\/portal\/wp-json\/wp\/v2\/tags?post=12976"},{"taxonomy":"noticias","embeddable":true,"href":"https:\/\/www.colescba.org.ar\/portal\/wp-json\/wp\/v2\/noticias?post=12976"}],"curies":[{"name":"wp","href":"https:\/\/api.w.org\/{rel}","templated":true}]}}