{"id":13366,"date":"2022-07-14T14:08:56","date_gmt":"2022-07-14T17:08:56","guid":{"rendered":"https:\/\/www.colescba.org.ar\/portal\/?p=13366"},"modified":"2022-08-01T11:20:21","modified_gmt":"2022-08-01T14:20:21","slug":"reunion-de-trabajo-con-representantes-de-la-subsecretaria-de-ejecucion-de-creditos-fiscales-y-tributarios","status":"publish","type":"post","link":"https:\/\/www.colescba.org.ar\/portal\/novedades\/reunion-de-trabajo-con-representantes-de-la-subsecretaria-de-ejecucion-de-creditos-fiscales-y-tributarios-14-07-2022","title":{"rendered":"Reuni\u00f3n de trabajo con representantes de la Subsecretar\u00eda de Ejecuci\u00f3n de Cr\u00e9ditos Fiscales y Tributarios"},"content":{"rendered":"\n<p>Autoridades del Colegio mantuvieron una reuni\u00f3n de trabajo con funcionarios de la Subsecretar\u00eda de Ejecuci\u00f3n de Cr\u00e9ditos Fiscales y Tributarios, dependiente de la Fiscal\u00eda de Estado bonaerense.<\/p>\n\n\n\n<p>Del encuentro, que tuvo lugar este jueves 14 de julio en la sede del Colegio, participaron Guillermo Longhi, Secretario de Gobierno y Administraci\u00f3n; Karen Weiss, Secretaria de Gobierno electa para el per\u00edodo 2022 \u2013 2024; Br\u00edgida Raffo, Presidente de la Comisi\u00f3n de Asuntos Fiscales y Administrativos; y B\u00e1rbara Drake, integrante de la mencionada comisi\u00f3n.<\/p>\n\n\n\n<p>Por el lado del organismo provincial, estuvieron presentes Federico Colombo, Secretario Letrado; Fernando Balb\u00edn, Jefe de Relatores; y el Director Eduardo De Marco.<\/p>\n\n\n\n<p>En la reuni\u00f3n se abordaron temas de inter\u00e9s com\u00fan tanto para el notariado como para la Subsecretar\u00eda, destac\u00e1ndose la b\u00fasqueda de soluciones conjuntas a los fines de agilizar los tr\u00e1mites escriturarios ayudando a la resoluci\u00f3n de t\u00edtulos ejecutivos.<\/p>\n\n\n\n<p>Adem\u00e1s, los representantes del Colegio y del organismo acordaron continuar con el di\u00e1logo y el intercambio permanente, desarrollando tareas en conjunto con el objetivo de fortificar los v\u00ednculos y la colaboraci\u00f3n en los diferentes ejes de trabajo planteados.<\/p>\n\n\n\n<p>Al finalizar la actividad, las autoridades del Colegio valoraron la misma como altamente positiva para el fortalecimiento de los lazos institucionales y destacaron especialmente la predisposici\u00f3n de parte de los representantes de la Subsecretar\u00eda.<\/p>\n","protected":false},"excerpt":{"rendered":"<p>Autoridades del Colegio mantuvieron una reuni\u00f3n de trabajo con funcionarios de la Subsecretar\u00eda de Ejecuci\u00f3n de Cr\u00e9ditos Fiscales y Tributarios, dependiente de la Fiscal\u00eda de Estado bonaerense. Del encuentro, que tuvo lugar este jueves 14 de julio en la sede del Colegio, participaron Guillermo Longhi, Secretario de Gobierno y Administraci\u00f3n; Karen Weiss, Secretaria de Gobierno [&hellip;]<\/p>\n","protected":false},"author":8,"featured_media":13369,"comment_status":"closed","ping_status":"closed","sticky":false,"template":"","format":"standard","meta":{"footnotes":""},"categories":[10],"tags":[],"noticias":[],"class_list":["post-13366","post","type-post","status-publish","format-standard","has-post-thumbnail","hentry","category-novedades"],"acf":[],"_links":{"self":[{"href":"https:\/\/www.colescba.org.ar\/portal\/wp-json\/wp\/v2\/posts\/13366","targetHints":{"allow":["GET"]}}],"collection":[{"href":"https:\/\/www.colescba.org.ar\/portal\/wp-json\/wp\/v2\/posts"}],"about":[{"href":"https:\/\/www.colescba.org.ar\/portal\/wp-json\/wp\/v2\/types\/post"}],"author":[{"embeddable":true,"href":"https:\/\/www.colescba.org.ar\/portal\/wp-json\/wp\/v2\/users\/8"}],"replies":[{"embeddable":true,"href":"https:\/\/www.colescba.org.ar\/portal\/wp-json\/wp\/v2\/comments?post=13366"}],"version-history":[{"count":6,"href":"https:\/\/www.colescba.org.ar\/portal\/wp-json\/wp\/v2\/posts\/13366\/revisions"}],"predecessor-version":[{"id":13616,"href":"https:\/\/www.colescba.org.ar\/portal\/wp-json\/wp\/v2\/posts\/13366\/revisions\/13616"}],"wp:featuredmedia":[{"embeddable":true,"href":"https:\/\/www.colescba.org.ar\/portal\/wp-json\/wp\/v2\/media\/13369"}],"wp:attachment":[{"href":"https:\/\/www.colescba.org.ar\/portal\/wp-json\/wp\/v2\/media?parent=13366"}],"wp:term":[{"taxonomy":"category","embeddable":true,"href":"https:\/\/www.colescba.org.ar\/portal\/wp-json\/wp\/v2\/categories?post=13366"},{"taxonomy":"post_tag","embeddable":true,"href":"https:\/\/www.colescba.org.ar\/portal\/wp-json\/wp\/v2\/tags?post=13366"},{"taxonomy":"noticias","embeddable":true,"href":"https:\/\/www.colescba.org.ar\/portal\/wp-json\/wp\/v2\/noticias?post=13366"}],"curies":[{"name":"wp","href":"https:\/\/api.w.org\/{rel}","templated":true}]}}