{"id":13426,"date":"2022-07-22T12:27:30","date_gmt":"2022-07-22T15:27:30","guid":{"rendered":"https:\/\/www.colescba.org.ar\/portal\/?p=13426"},"modified":"2022-07-22T12:27:31","modified_gmt":"2022-07-22T15:27:31","slug":"reunion-con-autoridades-de-la-asociacion-gremial-de-empleados-de-escribania","status":"publish","type":"post","link":"https:\/\/www.colescba.org.ar\/portal\/novedades\/reunion-con-autoridades-de-la-asociacion-gremial-de-empleados-de-escribania-22-07-2022","title":{"rendered":"Reuni\u00f3n con autoridades de la Asociaci\u00f3n Gremial de Empleados de Escriban\u00eda"},"content":{"rendered":"\n<p>Este jueves 21 de julio se realiz\u00f3 en la sede del Colegio una reuni\u00f3n con representantes de la Asociaci\u00f3n Gremial de Empleados de Escriban\u00eda de la Provincia de Buenos Aires.<\/p>\n\n\n\n<p>Del encuentro participaron el Secretario de Gobierno y Administraci\u00f3n, Guillermo Longhi, y el Secretario de Administraci\u00f3n electo para el per\u00edodo 2022 \u2013 2024, Patricio Villamayor.<\/p>\n\n\n\n<p>En representaci\u00f3n de la mencionada asociaci\u00f3n estuvieron presentes Silvina Mariel Grande C\u00e1mara, Secretaria General; Edith Amalia Solari, Tesorera; y Alejandro Del Franco, Abogado Apoderado.<\/p>\n\n\n\n<p>En la reuni\u00f3n se abordaron diferentes temas atinentes al Colegio y a la Asociaci\u00f3n que nuclea a los empleados de escriban\u00eda.<\/p>\n\n\n\n<p>Adem\u00e1s, la oportunidad fue propicia para la presentaci\u00f3n de quien asumir\u00e1 el cargo de Secretario de Administraci\u00f3n del Colegio desde el pr\u00f3ximo 5 de agosto.<\/p>\n\n\n\n<p>Al finalizar el encuentro, las autoridades coincidieron en resaltar lo positivo del di\u00e1logo mantenido y la importancia de fortalecer los canales permanentes de di\u00e1logo para el tratamiento de las cuestiones referentes al trabajo en las escriban\u00edas.<\/p>\n","protected":false},"excerpt":{"rendered":"<p>Este jueves 21 de julio se realiz\u00f3 en la sede del Colegio una reuni\u00f3n con representantes de la Asociaci\u00f3n Gremial de Empleados de Escriban\u00eda de la Provincia de Buenos Aires. Del encuentro participaron el Secretario de Gobierno y Administraci\u00f3n, Guillermo Longhi, y el Secretario de Administraci\u00f3n electo para el per\u00edodo 2022 \u2013 2024, Patricio Villamayor. [&hellip;]<\/p>\n","protected":false},"author":8,"featured_media":13462,"comment_status":"closed","ping_status":"closed","sticky":false,"template":"","format":"standard","meta":{"footnotes":""},"categories":[10],"tags":[],"noticias":[],"class_list":["post-13426","post","type-post","status-publish","format-standard","has-post-thumbnail","hentry","category-novedades"],"acf":[],"_links":{"self":[{"href":"https:\/\/www.colescba.org.ar\/portal\/wp-json\/wp\/v2\/posts\/13426","targetHints":{"allow":["GET"]}}],"collection":[{"href":"https:\/\/www.colescba.org.ar\/portal\/wp-json\/wp\/v2\/posts"}],"about":[{"href":"https:\/\/www.colescba.org.ar\/portal\/wp-json\/wp\/v2\/types\/post"}],"author":[{"embeddable":true,"href":"https:\/\/www.colescba.org.ar\/portal\/wp-json\/wp\/v2\/users\/8"}],"replies":[{"embeddable":true,"href":"https:\/\/www.colescba.org.ar\/portal\/wp-json\/wp\/v2\/comments?post=13426"}],"version-history":[{"count":1,"href":"https:\/\/www.colescba.org.ar\/portal\/wp-json\/wp\/v2\/posts\/13426\/revisions"}],"predecessor-version":[{"id":13427,"href":"https:\/\/www.colescba.org.ar\/portal\/wp-json\/wp\/v2\/posts\/13426\/revisions\/13427"}],"wp:featuredmedia":[{"embeddable":true,"href":"https:\/\/www.colescba.org.ar\/portal\/wp-json\/wp\/v2\/media\/13462"}],"wp:attachment":[{"href":"https:\/\/www.colescba.org.ar\/portal\/wp-json\/wp\/v2\/media?parent=13426"}],"wp:term":[{"taxonomy":"category","embeddable":true,"href":"https:\/\/www.colescba.org.ar\/portal\/wp-json\/wp\/v2\/categories?post=13426"},{"taxonomy":"post_tag","embeddable":true,"href":"https:\/\/www.colescba.org.ar\/portal\/wp-json\/wp\/v2\/tags?post=13426"},{"taxonomy":"noticias","embeddable":true,"href":"https:\/\/www.colescba.org.ar\/portal\/wp-json\/wp\/v2\/noticias?post=13426"}],"curies":[{"name":"wp","href":"https:\/\/api.w.org\/{rel}","templated":true}]}}