{"id":13634,"date":"2022-08-02T09:42:52","date_gmt":"2022-08-02T12:42:52","guid":{"rendered":"https:\/\/www.colescba.org.ar\/portal\/?p=13634"},"modified":"2022-08-02T09:42:52","modified_gmt":"2022-08-02T12:42:52","slug":"mediacion-voluntaria","status":"publish","type":"post","link":"https:\/\/www.colescba.org.ar\/portal\/novedades\/centro-institucional-de-mediacion\/mediacion-voluntaria-02-08-2022","title":{"rendered":"Mediaci\u00f3n Voluntaria"},"content":{"rendered":"\n<p>La mejor manera de festejar los 10 a\u00f1os de la Ley de Mediaci\u00f3n en la Provincia de Buenos Aires y los 22 a\u00f1os del Centro Institucional de Mediaci\u00f3n es continuar formando mediadores multidisciplinarios que est\u00e9n habilitados a co mediar en nuestro Centro y en organizaciones p\u00fablicas y privadas (municipalidades, Defensor\u00edas, entre otras).<\/p>\n\n\n\n<p>Escribanos, contadores, trabajadores sociales, docentes, farmac\u00e9uticos, nutricionistas, m\u00e9dicos, psic\u00f3logos, counselors, arquitectos, psicopedagogos, martilleros, corredores, ingenieros, fonoaudi\u00f3logos, coachees, entre otros, fueron participantes de la edici\u00f3n 2021\/2022 de la capacitaci\u00f3n en mediaci\u00f3n voluntaria.<\/p>\n\n\n\n<p>Todos ellos fueron BECADOS por el Colegio de Escribanos de la Provincia de Buenos Aires.<\/p>\n\n\n\n<p>160 horas de abordaje de cuestiones relacionadas con: Percepciones, Conflicto, Comunicaci\u00f3n, Emociones, Negociaci\u00f3n, Mediaci\u00f3n y Mediaci\u00f3n Familiar.<\/p>\n\n\n\n<p>Las autoridades del Centro agradecen al equipo docente y a los invitados de lujo por prestigiar este curso, en especial a Marines Suares, Marily Caram y Juan Luce.<\/p>\n\n\n\n<p>\u00a1Agradecemos a los alumnos el lind\u00edsimo regalo para nuestro Centro!<\/p>\n\n\n\n<p>Gracias tambi\u00e9n &nbsp;al Colegio de Escribanos de la Provincia de Buenos Aires y al equipo de trabajo del Centro de Mediaci\u00f3n<\/p>\n\n\n\n<p><\/p>\n\n\n\n<p><\/p>\n\n\n\n<p><\/p>\n","protected":false},"excerpt":{"rendered":"<p>La mejor manera de festejar los 10 a\u00f1os de la Ley de Mediaci\u00f3n en la Provincia de Buenos Aires y los 22 a\u00f1os del Centro Institucional de Mediaci\u00f3n es continuar formando mediadores multidisciplinarios que est\u00e9n habilitados a co mediar en nuestro Centro y en organizaciones p\u00fablicas y privadas (municipalidades, Defensor\u00edas, entre otras). Escribanos, contadores, trabajadores [&hellip;]<\/p>\n","protected":false},"author":10,"featured_media":13641,"comment_status":"closed","ping_status":"closed","sticky":false,"template":"","format":"standard","meta":{"footnotes":""},"categories":[91],"tags":[],"noticias":[],"class_list":["post-13634","post","type-post","status-publish","format-standard","has-post-thumbnail","hentry","category-centro-institucional-de-mediacion"],"acf":[],"_links":{"self":[{"href":"https:\/\/www.colescba.org.ar\/portal\/wp-json\/wp\/v2\/posts\/13634","targetHints":{"allow":["GET"]}}],"collection":[{"href":"https:\/\/www.colescba.org.ar\/portal\/wp-json\/wp\/v2\/posts"}],"about":[{"href":"https:\/\/www.colescba.org.ar\/portal\/wp-json\/wp\/v2\/types\/post"}],"author":[{"embeddable":true,"href":"https:\/\/www.colescba.org.ar\/portal\/wp-json\/wp\/v2\/users\/10"}],"replies":[{"embeddable":true,"href":"https:\/\/www.colescba.org.ar\/portal\/wp-json\/wp\/v2\/comments?post=13634"}],"version-history":[{"count":1,"href":"https:\/\/www.colescba.org.ar\/portal\/wp-json\/wp\/v2\/posts\/13634\/revisions"}],"predecessor-version":[{"id":13642,"href":"https:\/\/www.colescba.org.ar\/portal\/wp-json\/wp\/v2\/posts\/13634\/revisions\/13642"}],"wp:featuredmedia":[{"embeddable":true,"href":"https:\/\/www.colescba.org.ar\/portal\/wp-json\/wp\/v2\/media\/13641"}],"wp:attachment":[{"href":"https:\/\/www.colescba.org.ar\/portal\/wp-json\/wp\/v2\/media?parent=13634"}],"wp:term":[{"taxonomy":"category","embeddable":true,"href":"https:\/\/www.colescba.org.ar\/portal\/wp-json\/wp\/v2\/categories?post=13634"},{"taxonomy":"post_tag","embeddable":true,"href":"https:\/\/www.colescba.org.ar\/portal\/wp-json\/wp\/v2\/tags?post=13634"},{"taxonomy":"noticias","embeddable":true,"href":"https:\/\/www.colescba.org.ar\/portal\/wp-json\/wp\/v2\/noticias?post=13634"}],"curies":[{"name":"wp","href":"https:\/\/api.w.org\/{rel}","templated":true}]}}