{"id":14234,"date":"2022-08-16T15:25:12","date_gmt":"2022-08-16T18:25:12","guid":{"rendered":"https:\/\/www.colescba.org.ar\/portal\/?p=14234"},"modified":"2022-08-16T15:25:12","modified_gmt":"2022-08-16T18:25:12","slug":"invitacion-al-xxii-congreso-nacional-de-mediacion","status":"publish","type":"post","link":"https:\/\/www.colescba.org.ar\/portal\/novedades\/centro-institucional-de-mediacion\/invitacion-al-xxii-congreso-nacional-de-mediacion-16-08-2022","title":{"rendered":"Invitaci\u00f3n al XXII Congreso Nacional de Mediaci\u00f3n"},"content":{"rendered":"\n<p>Las autoridades del Centro agradecen la invitaci\u00f3n al XXII Congreso Nacional de Mediaci\u00f3n, que nos ha cursado el Dr. Oth\u00f3n P\u00e9rez Fern\u00e1ndez del Castillo, Presidente del Colegio Nacional de Mediadores Certificados de M\u00e9xico.<\/p>\n\n\n\n<p>Es un honor participar como disertante de esta importante actividad, que enriquece y hace a la difusi\u00f3n de la Mediaci\u00f3n.<\/p>\n\n\n\n<div data-wp-interactive=\"core\/file\" class=\"wp-block-file\"><object data-wp-bind--hidden=\"!state.hasPdfPreview\" hidden class=\"wp-block-file__embed\" data=\"https:\/\/www.colescba.org.ar\/portal\/wp-content\/uploads\/2022\/08\/INVITACION-congreso-de-mediaciones-2.pdf\" type=\"application\/pdf\" style=\"width:100%;height:600px\" aria-label=\"Incrustado de Incrustado de INVITACION-congreso-de-mediaciones-2..\"><\/object><a id=\"wp-block-file--media-bbb7670b-f597-4eb8-976b-f33307e95260\" href=\"https:\/\/www.colescba.org.ar\/portal\/wp-content\/uploads\/2022\/08\/INVITACION-congreso-de-mediaciones-2.pdf\">INVITACION-congreso-de-mediaciones-2<\/a><a href=\"https:\/\/www.colescba.org.ar\/portal\/wp-content\/uploads\/2022\/08\/INVITACION-congreso-de-mediaciones-2.pdf\" class=\"wp-block-file__button\" download aria-describedby=\"wp-block-file--media-bbb7670b-f597-4eb8-976b-f33307e95260\">Descarga<\/a><\/div>\n","protected":false},"excerpt":{"rendered":"<p>Las autoridades del Centro agradecen la invitaci\u00f3n al XXII Congreso Nacional de Mediaci\u00f3n, que nos ha cursado el Dr. Oth\u00f3n P\u00e9rez Fern\u00e1ndez del Castillo, Presidente del Colegio Nacional de Mediadores Certificados de M\u00e9xico. Es un honor participar como disertante de esta importante actividad, que enriquece y hace a la difusi\u00f3n de la Mediaci\u00f3n.<\/p>\n","protected":false},"author":10,"featured_media":0,"comment_status":"closed","ping_status":"closed","sticky":false,"template":"","format":"standard","meta":{"footnotes":""},"categories":[91],"tags":[],"noticias":[],"class_list":["post-14234","post","type-post","status-publish","format-standard","hentry","category-centro-institucional-de-mediacion"],"acf":[],"_links":{"self":[{"href":"https:\/\/www.colescba.org.ar\/portal\/wp-json\/wp\/v2\/posts\/14234","targetHints":{"allow":["GET"]}}],"collection":[{"href":"https:\/\/www.colescba.org.ar\/portal\/wp-json\/wp\/v2\/posts"}],"about":[{"href":"https:\/\/www.colescba.org.ar\/portal\/wp-json\/wp\/v2\/types\/post"}],"author":[{"embeddable":true,"href":"https:\/\/www.colescba.org.ar\/portal\/wp-json\/wp\/v2\/users\/10"}],"replies":[{"embeddable":true,"href":"https:\/\/www.colescba.org.ar\/portal\/wp-json\/wp\/v2\/comments?post=14234"}],"version-history":[{"count":1,"href":"https:\/\/www.colescba.org.ar\/portal\/wp-json\/wp\/v2\/posts\/14234\/revisions"}],"predecessor-version":[{"id":14239,"href":"https:\/\/www.colescba.org.ar\/portal\/wp-json\/wp\/v2\/posts\/14234\/revisions\/14239"}],"wp:attachment":[{"href":"https:\/\/www.colescba.org.ar\/portal\/wp-json\/wp\/v2\/media?parent=14234"}],"wp:term":[{"taxonomy":"category","embeddable":true,"href":"https:\/\/www.colescba.org.ar\/portal\/wp-json\/wp\/v2\/categories?post=14234"},{"taxonomy":"post_tag","embeddable":true,"href":"https:\/\/www.colescba.org.ar\/portal\/wp-json\/wp\/v2\/tags?post=14234"},{"taxonomy":"noticias","embeddable":true,"href":"https:\/\/www.colescba.org.ar\/portal\/wp-json\/wp\/v2\/noticias?post=14234"}],"curies":[{"name":"wp","href":"https:\/\/api.w.org\/{rel}","templated":true}]}}