{"id":14764,"date":"2022-08-23T11:16:06","date_gmt":"2022-08-23T14:16:06","guid":{"rendered":"https:\/\/www.colescba.org.ar\/portal\/?p=14764"},"modified":"2022-08-23T11:16:06","modified_gmt":"2022-08-23T14:16:06","slug":"congreso-inmobiliario","status":"publish","type":"post","link":"https:\/\/www.colescba.org.ar\/portal\/novedades\/centro-institucional-de-mediacion\/congreso-inmobiliario-23-08-2022","title":{"rendered":"Congreso Inmobiliario"},"content":{"rendered":"\n<p>Las autoridades del Centro agradecen de manera especial a la organizaci\u00f3n del Congreso Inmobiliario por haberlos invitado a conversar sobre Gesti\u00f3n Adecuada de Conflictos en el \u00e1mbito inmobiliario.<\/p>\n\n\n\n<p>Desde la teor\u00eda y la pr\u00e1ctica, se promueve mediaci\u00f3n, para una mejor calidad de relaciones.<\/p>\n\n\n\n<p>En este sentido, se agradece especialmente a la Es. Graciela Vilalta, de la Delegaci\u00f3n Mercedes, quien relat\u00f3 la experiencia de una Mediaci\u00f3n Voluntaria con una inmobiliaria, realizada esa misma ma\u00f1ana en Chivilcoy.<\/p>\n\n\n\n<p>\u201cGracias a cada mediador y mediadora de nuestro Centro, que cada d\u00eda fortalecen este proceso pacifico\u201d.<\/p>\n","protected":false},"excerpt":{"rendered":"<p>Las autoridades del Centro agradecen de manera especial a la organizaci\u00f3n del Congreso Inmobiliario por haberlos invitado a conversar sobre Gesti\u00f3n Adecuada de Conflictos en el \u00e1mbito inmobiliario. Desde la teor\u00eda y la pr\u00e1ctica, se promueve mediaci\u00f3n, para una mejor calidad de relaciones. En este sentido, se agradece especialmente a la Es. Graciela Vilalta, de [&hellip;]<\/p>\n","protected":false},"author":10,"featured_media":14765,"comment_status":"closed","ping_status":"closed","sticky":false,"template":"","format":"standard","meta":{"footnotes":""},"categories":[91],"tags":[],"noticias":[],"class_list":["post-14764","post","type-post","status-publish","format-standard","has-post-thumbnail","hentry","category-centro-institucional-de-mediacion"],"acf":[],"_links":{"self":[{"href":"https:\/\/www.colescba.org.ar\/portal\/wp-json\/wp\/v2\/posts\/14764","targetHints":{"allow":["GET"]}}],"collection":[{"href":"https:\/\/www.colescba.org.ar\/portal\/wp-json\/wp\/v2\/posts"}],"about":[{"href":"https:\/\/www.colescba.org.ar\/portal\/wp-json\/wp\/v2\/types\/post"}],"author":[{"embeddable":true,"href":"https:\/\/www.colescba.org.ar\/portal\/wp-json\/wp\/v2\/users\/10"}],"replies":[{"embeddable":true,"href":"https:\/\/www.colescba.org.ar\/portal\/wp-json\/wp\/v2\/comments?post=14764"}],"version-history":[{"count":1,"href":"https:\/\/www.colescba.org.ar\/portal\/wp-json\/wp\/v2\/posts\/14764\/revisions"}],"predecessor-version":[{"id":14766,"href":"https:\/\/www.colescba.org.ar\/portal\/wp-json\/wp\/v2\/posts\/14764\/revisions\/14766"}],"wp:featuredmedia":[{"embeddable":true,"href":"https:\/\/www.colescba.org.ar\/portal\/wp-json\/wp\/v2\/media\/14765"}],"wp:attachment":[{"href":"https:\/\/www.colescba.org.ar\/portal\/wp-json\/wp\/v2\/media?parent=14764"}],"wp:term":[{"taxonomy":"category","embeddable":true,"href":"https:\/\/www.colescba.org.ar\/portal\/wp-json\/wp\/v2\/categories?post=14764"},{"taxonomy":"post_tag","embeddable":true,"href":"https:\/\/www.colescba.org.ar\/portal\/wp-json\/wp\/v2\/tags?post=14764"},{"taxonomy":"noticias","embeddable":true,"href":"https:\/\/www.colescba.org.ar\/portal\/wp-json\/wp\/v2\/noticias?post=14764"}],"curies":[{"name":"wp","href":"https:\/\/api.w.org\/{rel}","templated":true}]}}