{"id":25427,"date":"2023-04-11T11:15:37","date_gmt":"2023-04-11T14:15:37","guid":{"rendered":"https:\/\/www.colescba.org.ar\/portal\/?p=25427"},"modified":"2023-04-11T11:15:37","modified_gmt":"2023-04-11T14:15:37","slug":"visita-de-la-esc-general-de-gobierno-de-santa-cruz","status":"publish","type":"post","link":"https:\/\/www.colescba.org.ar\/portal\/novedades\/centro-institucional-de-mediacion\/visita-de-la-esc-general-de-gobierno-de-santa-cruz-11-04-2023","title":{"rendered":"Visita de la Esc. General de Gobierno de Santa Cruz"},"content":{"rendered":"\n<p>Recibimos a la Escribana General de Gobierno de Santa Cruz, Esc Marcela Tejeda, quien vino a hacer sus pr\u00e1cticas al Centro de Mediaci\u00f3n, luego de haber participado en el curso del CFNA en 2021.<br><\/p>\n\n\n\n<p>Se realiz\u00f3 una mediaci\u00f3n referida a una sociedad, de la que participaron el Esc Gerardo Clavin y la Esc Silvia Ugalde, quien actu\u00f3 como hija de Gerardo que hab\u00eda comenzado a trabajar en la sociedad). Gener\u00f3 una gran satisfacci\u00f3n c\u00f3mo equipo acad\u00e9mico la participaci\u00f3n como mediadora de la Esc. Tejeda.<br><\/p>\n\n\n\n<p>Se agradece la presencia de la Vicepresidente 1\u00ba, Esc. Alicia Broccardo, para la entrega del certificado.<\/p>\n","protected":false},"excerpt":{"rendered":"<p>Recibimos a la Escribana General de Gobierno de Santa Cruz, Esc Marcela Tejeda, quien vino a hacer sus pr\u00e1cticas al Centro de Mediaci\u00f3n, luego de haber participado en el curso del CFNA en 2021. Se realiz\u00f3 una mediaci\u00f3n referida a una sociedad, de la que participaron el Esc Gerardo Clavin y la Esc Silvia Ugalde, [&hellip;]<\/p>\n","protected":false},"author":10,"featured_media":25431,"comment_status":"closed","ping_status":"closed","sticky":false,"template":"","format":"standard","meta":{"footnotes":""},"categories":[91],"tags":[],"noticias":[],"class_list":["post-25427","post","type-post","status-publish","format-standard","has-post-thumbnail","hentry","category-centro-institucional-de-mediacion"],"acf":[],"_links":{"self":[{"href":"https:\/\/www.colescba.org.ar\/portal\/wp-json\/wp\/v2\/posts\/25427","targetHints":{"allow":["GET"]}}],"collection":[{"href":"https:\/\/www.colescba.org.ar\/portal\/wp-json\/wp\/v2\/posts"}],"about":[{"href":"https:\/\/www.colescba.org.ar\/portal\/wp-json\/wp\/v2\/types\/post"}],"author":[{"embeddable":true,"href":"https:\/\/www.colescba.org.ar\/portal\/wp-json\/wp\/v2\/users\/10"}],"replies":[{"embeddable":true,"href":"https:\/\/www.colescba.org.ar\/portal\/wp-json\/wp\/v2\/comments?post=25427"}],"version-history":[{"count":1,"href":"https:\/\/www.colescba.org.ar\/portal\/wp-json\/wp\/v2\/posts\/25427\/revisions"}],"predecessor-version":[{"id":25432,"href":"https:\/\/www.colescba.org.ar\/portal\/wp-json\/wp\/v2\/posts\/25427\/revisions\/25432"}],"wp:featuredmedia":[{"embeddable":true,"href":"https:\/\/www.colescba.org.ar\/portal\/wp-json\/wp\/v2\/media\/25431"}],"wp:attachment":[{"href":"https:\/\/www.colescba.org.ar\/portal\/wp-json\/wp\/v2\/media?parent=25427"}],"wp:term":[{"taxonomy":"category","embeddable":true,"href":"https:\/\/www.colescba.org.ar\/portal\/wp-json\/wp\/v2\/categories?post=25427"},{"taxonomy":"post_tag","embeddable":true,"href":"https:\/\/www.colescba.org.ar\/portal\/wp-json\/wp\/v2\/tags?post=25427"},{"taxonomy":"noticias","embeddable":true,"href":"https:\/\/www.colescba.org.ar\/portal\/wp-json\/wp\/v2\/noticias?post=25427"}],"curies":[{"name":"wp","href":"https:\/\/api.w.org\/{rel}","templated":true}]}}