{"id":30486,"date":"2023-06-30T15:16:01","date_gmt":"2023-06-30T18:16:01","guid":{"rendered":"https:\/\/www.colescba.org.ar\/portal\/?p=30486"},"modified":"2023-07-24T09:44:03","modified_gmt":"2023-07-24T12:44:03","slug":"la-asesoria-notarial-no-atendera-consultas-telefonicas-durante-la-tarde-de-hoy-viernes-3","status":"publish","type":"post","link":"https:\/\/www.colescba.org.ar\/portal\/novedades\/la-asesoria-notarial-no-atendera-consultas-telefonicas-durante-la-tarde-de-hoy-viernes-3-30-06-2023","title":{"rendered":"Una nueva reuni\u00f3n del Consejo Directivo se llev\u00f3 a cabo el viernes 30 de junio"},"content":{"rendered":"\n<p>La sesi\u00f3n comenz\u00f3 a las 11 de la ma\u00f1ana con el abordaje de los temas contemplados en el orden del d\u00eda.<\/p>\n\n\n\n<p>Entre ellos, se brind\u00f3 el informe sobre la firma de un Convenio de Capacitaci\u00f3n entre la Escriban\u00eda General de Gobierno y el Colegio, celebrado el 12 de mayo.<\/p>\n\n\n\n<p>Adem\u00e1s, desde el \u00e1rea de Presidencia, se ofreci\u00f3 un informe sobre las reuniones institucionales de la Uni\u00f3n Internacional del Notariado, llevadas a cabo en Cotonou, Ben\u00edn, entre el 17 y el 20 de mayo pasados.<\/p>\n\n\n\n<p>Por otra parte, desde la \u00f3rbita de la Vicepresidencia Segunda, se comunic\u00f3 la designaci\u00f3n del Not. Rodrigo Aguirre como coordinador del tema 1: \u201cEl notario en la constituci\u00f3n de los derechos reales\u201d, del 34 Encuentro Nacional del Notariado Novel, que se efectuar\u00e1 en noviembre pr\u00f3ximo en Mendoza.<\/p>\n\n\n\n<p>Posteriormente, continu\u00f3 el tratamiento de los diversos puntos incluidos en el temario, correspondientes a las diferentes \u00e1reas de gesti\u00f3n del Colegio.<\/p>\n\n\n\n<p>Finalmente, qued\u00f3 establecido que la siguiente sesi\u00f3n del cuerpo del a\u00f1o tendr\u00e1 lugar el 21 de julio.<\/p>\n","protected":false},"excerpt":{"rendered":"<p>La sesi\u00f3n comenz\u00f3 a las 11 de la ma\u00f1ana con el abordaje de los temas contemplados en el orden del d\u00eda. Entre ellos, se brind\u00f3 el informe sobre la firma de un Convenio de Capacitaci\u00f3n entre la Escriban\u00eda General de Gobierno y el Colegio, celebrado el 12 de mayo. Adem\u00e1s, desde el \u00e1rea de Presidencia, [&hellip;]<\/p>\n","protected":false},"author":10,"featured_media":30488,"comment_status":"closed","ping_status":"closed","sticky":false,"template":"","format":"standard","meta":{"footnotes":""},"categories":[10],"tags":[],"noticias":[],"class_list":["post-30486","post","type-post","status-publish","format-standard","has-post-thumbnail","hentry","category-novedades"],"acf":[],"_links":{"self":[{"href":"https:\/\/www.colescba.org.ar\/portal\/wp-json\/wp\/v2\/posts\/30486","targetHints":{"allow":["GET"]}}],"collection":[{"href":"https:\/\/www.colescba.org.ar\/portal\/wp-json\/wp\/v2\/posts"}],"about":[{"href":"https:\/\/www.colescba.org.ar\/portal\/wp-json\/wp\/v2\/types\/post"}],"author":[{"embeddable":true,"href":"https:\/\/www.colescba.org.ar\/portal\/wp-json\/wp\/v2\/users\/10"}],"replies":[{"embeddable":true,"href":"https:\/\/www.colescba.org.ar\/portal\/wp-json\/wp\/v2\/comments?post=30486"}],"version-history":[{"count":3,"href":"https:\/\/www.colescba.org.ar\/portal\/wp-json\/wp\/v2\/posts\/30486\/revisions"}],"predecessor-version":[{"id":31114,"href":"https:\/\/www.colescba.org.ar\/portal\/wp-json\/wp\/v2\/posts\/30486\/revisions\/31114"}],"wp:featuredmedia":[{"embeddable":true,"href":"https:\/\/www.colescba.org.ar\/portal\/wp-json\/wp\/v2\/media\/30488"}],"wp:attachment":[{"href":"https:\/\/www.colescba.org.ar\/portal\/wp-json\/wp\/v2\/media?parent=30486"}],"wp:term":[{"taxonomy":"category","embeddable":true,"href":"https:\/\/www.colescba.org.ar\/portal\/wp-json\/wp\/v2\/categories?post=30486"},{"taxonomy":"post_tag","embeddable":true,"href":"https:\/\/www.colescba.org.ar\/portal\/wp-json\/wp\/v2\/tags?post=30486"},{"taxonomy":"noticias","embeddable":true,"href":"https:\/\/www.colescba.org.ar\/portal\/wp-json\/wp\/v2\/noticias?post=30486"}],"curies":[{"name":"wp","href":"https:\/\/api.w.org\/{rel}","templated":true}]}}