{"id":31899,"date":"2023-08-07T14:26:35","date_gmt":"2023-08-07T17:26:35","guid":{"rendered":"https:\/\/www.colescba.org.ar\/portal\/?p=31899"},"modified":"2023-08-07T14:28:25","modified_gmt":"2023-08-07T17:28:25","slug":"formacion-basica-en-mediacion-en-viedma","status":"publish","type":"post","link":"https:\/\/www.colescba.org.ar\/portal\/novedades\/centro-institucional-de-mediacion\/formacion-basica-en-mediacion-en-viedma-07-08-2023","title":{"rendered":"Formaci\u00f3n B\u00e1sica en Mediaci\u00f3n en Viedma"},"content":{"rendered":"\n<p>Las autoridades del Centro agradecen la hospitalidad recibida en Viedma con motivo de la realizaci\u00f3n de la Formaci\u00f3n B\u00e1sica en Mediaci\u00f3n, organizada por el Colegio de Abogados de Viedma e impartida por el Centro de Mediaci\u00f3n del Colegio de Escribanos de la Provincia de Buenos Aires.<br><\/p>\n\n\n\n<p>Se trat\u00f3 de un comienzo magn\u00edfico para este curso interdisciplinario.<br><\/p>\n\n\n\n<p>Reciba Ver\u00f3nica L\u00f3pez un profundo agradecimiento por su generosidad.<\/p>\n","protected":false},"excerpt":{"rendered":"<p>Las autoridades del Centro agradecen la hospitalidad recibida en Viedma con motivo de la realizaci\u00f3n de la Formaci\u00f3n B\u00e1sica en Mediaci\u00f3n, organizada por el Colegio de Abogados de Viedma e impartida por el Centro de Mediaci\u00f3n del Colegio de Escribanos de la Provincia de Buenos Aires. Se trat\u00f3 de un comienzo magn\u00edfico para este curso [&hellip;]<\/p>\n","protected":false},"author":10,"featured_media":31900,"comment_status":"closed","ping_status":"closed","sticky":false,"template":"","format":"standard","meta":{"footnotes":""},"categories":[91],"tags":[],"noticias":[],"class_list":["post-31899","post","type-post","status-publish","format-standard","has-post-thumbnail","hentry","category-centro-institucional-de-mediacion"],"acf":[],"_links":{"self":[{"href":"https:\/\/www.colescba.org.ar\/portal\/wp-json\/wp\/v2\/posts\/31899","targetHints":{"allow":["GET"]}}],"collection":[{"href":"https:\/\/www.colescba.org.ar\/portal\/wp-json\/wp\/v2\/posts"}],"about":[{"href":"https:\/\/www.colescba.org.ar\/portal\/wp-json\/wp\/v2\/types\/post"}],"author":[{"embeddable":true,"href":"https:\/\/www.colescba.org.ar\/portal\/wp-json\/wp\/v2\/users\/10"}],"replies":[{"embeddable":true,"href":"https:\/\/www.colescba.org.ar\/portal\/wp-json\/wp\/v2\/comments?post=31899"}],"version-history":[{"count":1,"href":"https:\/\/www.colescba.org.ar\/portal\/wp-json\/wp\/v2\/posts\/31899\/revisions"}],"predecessor-version":[{"id":31901,"href":"https:\/\/www.colescba.org.ar\/portal\/wp-json\/wp\/v2\/posts\/31899\/revisions\/31901"}],"wp:featuredmedia":[{"embeddable":true,"href":"https:\/\/www.colescba.org.ar\/portal\/wp-json\/wp\/v2\/media\/31900"}],"wp:attachment":[{"href":"https:\/\/www.colescba.org.ar\/portal\/wp-json\/wp\/v2\/media?parent=31899"}],"wp:term":[{"taxonomy":"category","embeddable":true,"href":"https:\/\/www.colescba.org.ar\/portal\/wp-json\/wp\/v2\/categories?post=31899"},{"taxonomy":"post_tag","embeddable":true,"href":"https:\/\/www.colescba.org.ar\/portal\/wp-json\/wp\/v2\/tags?post=31899"},{"taxonomy":"noticias","embeddable":true,"href":"https:\/\/www.colescba.org.ar\/portal\/wp-json\/wp\/v2\/noticias?post=31899"}],"curies":[{"name":"wp","href":"https:\/\/api.w.org\/{rel}","templated":true}]}}