{"id":32135,"date":"2023-08-24T15:08:20","date_gmt":"2023-08-24T18:08:20","guid":{"rendered":"https:\/\/www.colescba.org.ar\/portal\/?p=32135"},"modified":"2023-08-24T15:08:20","modified_gmt":"2023-08-24T18:08:20","slug":"se-incorporaron-al-notariado-bonaerense-once-nuevos-escribanos","status":"publish","type":"post","link":"https:\/\/www.colescba.org.ar\/portal\/novedades\/se-incorporaron-al-notariado-bonaerense-once-nuevos-escribanos-24-08-2023","title":{"rendered":"Se incorporaron al notariado bonaerense once nuevos escribanos"},"content":{"rendered":"\n<p>En la ceremonia llevada a cabo este jueves 24 de agosto en la sede del Colegio, once nuevos escribanos prestaron juramento y, de esa manera, se incorporaron al notariado bonaerense.<\/p>\n\n\n\n<p>El evento estuvo encabezado por el Presidente del Colegio, Diego Leandro Molina, acompa\u00f1ado por la Vicepresidente 1\u00ba, Alicia Broccardo; la Vicepresidente 2\u00ba, Nelly Olga L\u00f3pez; y la Secretaria de Gobierno, Karen Weiss.<\/p>\n\n\n\n<p>El escribano Molina dio la bienvenida a los nuevos notarios, brind\u00f3 sus felicitaciones y celebr\u00f3 con orgullo la incorporaci\u00f3n de los nuevos colegas.<\/p>\n\n\n\n<p>Durante su discurso, el Presidente invit\u00f3 a tomar el compromiso en la vida institucional, tanto a trav\u00e9s de las comisiones como en las delegaciones. A su vez destac\u00f3 la relevancia del momento de la jura y el alto compromiso que representa asumir la funci\u00f3n notarial.<\/p>\n\n\n\n<p>Por su parte, la Not. Broccardo destac\u00f3 la importancia de formar parte de un Colegio que acompa\u00f1ar\u00e1 a los nuevos colegas en toda su vida cronol\u00f3gica, tanto profesional como luego del retiro. Por eso es fundamental participar de una manera comprometida y aprovechar todas las herramientas de capacitaci\u00f3n que el Colegio ofrece.<\/p>\n\n\n\n<p>En tanto, la Esc. Weiss, tras felicitar a los nuevos notarios, resalt\u00f3 la relevancia de haber sido investidos, por parte del Estado, con la misi\u00f3n de ser guardianes y garantes de la fe p\u00fablica, un rol extremadamente necesario e importante en el sostenimiento de la paz social.<\/p>\n\n\n\n<p>Los nuevos escribanos:<\/p>\n\n\n\n<p>Not. C\u00e9sar Augusto MAINETTI<br>Adscripto al Registro n\u00b0 72 del partido de Lomas de Zamora<br>Titular: Not. Alejandra Estela Mazzucchi<\/p>\n\n\n\n<p>Not. Felicitas BRUZZO<br>Adscripta al Registro n\u00b0 6 del partido de Nueve de Julio<br>Titular: Not. Mart\u00edn Hern\u00e1n Bruzzo<\/p>\n\n\n\n<p>Not. Mar\u00eda Florencia TORRES<br>Adscripta al Registro n\u00b0 52 del partido de Quilmes<br>Titular: Not. Bernardo F\u00e9lix Arlia<\/p>\n\n\n\n<p>Not. Luc\u00eda Melisa MINARDI<br>Adscripta al Registro n\u00b0 1 del partido de Tigre<br>Titular: Not. Mar\u00eda Marcela Buira<\/p>\n\n\n\n<p>Not. Lucas Gabriel de S\u00c1<br>Adscripto al Registro n\u00b0 40 del partido de La Matanza<br>Titular: Not. Cecilia In\u00e9s Cipolla<\/p>\n\n\n\n<p>Not. Alicia Laura AGUIRRE<br>Adscripta al Registro n\u00b0 76 del partido de General Pueyrred\u00f3n<br>Titular: Not. Luc\u00eda Offidani<\/p>\n\n\n\n<p>Not. Joaqu\u00edn Santino RUBINETTI<br>Adscripto al Registro n\u00b0 69 del partido de Lomas de Zamora<br>Titular: Not. Javier Mar\u00eda Rubinetti<\/p>\n\n\n\n<p>Not. Lucas Manuel KORENBLIT<br>Adscripto al Registro n\u00b0 374 del partido de La Plata<br>Titular: Not. Fernando Javier Kovalivker<\/p>\n\n\n\n<p>Not. Mar\u00eda Paz STEINACHER<br>Adscripta al Registro n\u00b0 3 del partido de Navarro<br>Titular: Not. Carlos Alberto Lendaro<\/p>\n\n\n\n<p>Not. Milagros Natali GAITA<br>Adscripta al Registro n\u00b0 5 del partido de Ezeiza<br>Titular: Not. Emiliano Ra\u00fal Villalba<\/p>\n\n\n\n<p>Not. Maximiliano Nicol\u00e1s ZANETTINI<br>Adscripto al Registro n\u00b0 14 del partido de Chivilcoy<br>Titular: Not. Mar\u00eda Alejandra Iragui de Zanettini<\/p>\n","protected":false},"excerpt":{"rendered":"<p>En la ceremonia llevada a cabo este jueves 24 de agosto en la sede del Colegio, once nuevos escribanos prestaron juramento y, de esa manera, se incorporaron al notariado bonaerense. El evento estuvo encabezado por el Presidente del Colegio, Diego Leandro Molina, acompa\u00f1ado por la Vicepresidente 1\u00ba, Alicia Broccardo; la Vicepresidente 2\u00ba, Nelly Olga L\u00f3pez; [&hellip;]<\/p>\n","protected":false},"author":10,"featured_media":32136,"comment_status":"closed","ping_status":"closed","sticky":false,"template":"","format":"standard","meta":{"footnotes":""},"categories":[10],"tags":[],"noticias":[],"class_list":["post-32135","post","type-post","status-publish","format-standard","has-post-thumbnail","hentry","category-novedades"],"acf":[],"_links":{"self":[{"href":"https:\/\/www.colescba.org.ar\/portal\/wp-json\/wp\/v2\/posts\/32135","targetHints":{"allow":["GET"]}}],"collection":[{"href":"https:\/\/www.colescba.org.ar\/portal\/wp-json\/wp\/v2\/posts"}],"about":[{"href":"https:\/\/www.colescba.org.ar\/portal\/wp-json\/wp\/v2\/types\/post"}],"author":[{"embeddable":true,"href":"https:\/\/www.colescba.org.ar\/portal\/wp-json\/wp\/v2\/users\/10"}],"replies":[{"embeddable":true,"href":"https:\/\/www.colescba.org.ar\/portal\/wp-json\/wp\/v2\/comments?post=32135"}],"version-history":[{"count":2,"href":"https:\/\/www.colescba.org.ar\/portal\/wp-json\/wp\/v2\/posts\/32135\/revisions"}],"predecessor-version":[{"id":32138,"href":"https:\/\/www.colescba.org.ar\/portal\/wp-json\/wp\/v2\/posts\/32135\/revisions\/32138"}],"wp:featuredmedia":[{"embeddable":true,"href":"https:\/\/www.colescba.org.ar\/portal\/wp-json\/wp\/v2\/media\/32136"}],"wp:attachment":[{"href":"https:\/\/www.colescba.org.ar\/portal\/wp-json\/wp\/v2\/media?parent=32135"}],"wp:term":[{"taxonomy":"category","embeddable":true,"href":"https:\/\/www.colescba.org.ar\/portal\/wp-json\/wp\/v2\/categories?post=32135"},{"taxonomy":"post_tag","embeddable":true,"href":"https:\/\/www.colescba.org.ar\/portal\/wp-json\/wp\/v2\/tags?post=32135"},{"taxonomy":"noticias","embeddable":true,"href":"https:\/\/www.colescba.org.ar\/portal\/wp-json\/wp\/v2\/noticias?post=32135"}],"curies":[{"name":"wp","href":"https:\/\/api.w.org\/{rel}","templated":true}]}}