{"id":36782,"date":"2023-12-18T15:07:25","date_gmt":"2023-12-18T18:07:25","guid":{"rendered":"https:\/\/www.colescba.org.ar\/portal\/?p=35991"},"modified":"2024-02-20T11:47:33","modified_gmt":"2024-02-20T14:47:33","slug":"finalizo-la-formacion-basica-en-mediacion-en-viedma","status":"publish","type":"post","link":"https:\/\/www.colescba.org.ar\/portal\/novedades\/centro-institucional-de-mediacion\/finalizo-la-formacion-basica-en-mediacion-en-viedma-18-12-2023","title":{"rendered":"Finaliz\u00f3 la Formaci\u00f3n B\u00e1sica en Mediaci\u00f3n en Viedma"},"content":{"rendered":"\n<p>Honrados con visitas de la Directora de CIMARC, y agradeciendo al Colegio de Abogados de Viedma, por la excelente organizaci\u00f3n, se dio por finalizado el curso de formaci\u00f3n b\u00e1sica en mediaci\u00f3n realizado en Viedma, Rio Negro.<br><\/p>\n\n\n\n<p>El Centro de Mediaci\u00f3n agradece a cada uno de los participantes por su compromiso.<\/p>\n","protected":false},"excerpt":{"rendered":"<p>Honrados con visitas de la Directora de CIMARC, y agradeciendo al Colegio de Abogados de Viedma, por la excelente organizaci\u00f3n, se dio por finalizado el curso de formaci\u00f3n b\u00e1sica en mediaci\u00f3n realizado en Viedma, Rio Negro. El Centro de Mediaci\u00f3n agradece a cada uno de los participantes por su compromiso.<\/p>\n","protected":false},"author":10,"featured_media":36597,"comment_status":"closed","ping_status":"closed","sticky":false,"template":"","format":"standard","meta":{"footnotes":""},"categories":[91],"tags":[],"noticias":[],"class_list":["post-36782","post","type-post","status-publish","format-standard","has-post-thumbnail","hentry","category-centro-institucional-de-mediacion"],"acf":[],"_links":{"self":[{"href":"https:\/\/www.colescba.org.ar\/portal\/wp-json\/wp\/v2\/posts\/36782","targetHints":{"allow":["GET"]}}],"collection":[{"href":"https:\/\/www.colescba.org.ar\/portal\/wp-json\/wp\/v2\/posts"}],"about":[{"href":"https:\/\/www.colescba.org.ar\/portal\/wp-json\/wp\/v2\/types\/post"}],"author":[{"embeddable":true,"href":"https:\/\/www.colescba.org.ar\/portal\/wp-json\/wp\/v2\/users\/10"}],"replies":[{"embeddable":true,"href":"https:\/\/www.colescba.org.ar\/portal\/wp-json\/wp\/v2\/comments?post=36782"}],"version-history":[{"count":1,"href":"https:\/\/www.colescba.org.ar\/portal\/wp-json\/wp\/v2\/posts\/36782\/revisions"}],"predecessor-version":[{"id":36806,"href":"https:\/\/www.colescba.org.ar\/portal\/wp-json\/wp\/v2\/posts\/36782\/revisions\/36806"}],"wp:featuredmedia":[{"embeddable":true,"href":"https:\/\/www.colescba.org.ar\/portal\/wp-json\/wp\/v2\/media\/36597"}],"wp:attachment":[{"href":"https:\/\/www.colescba.org.ar\/portal\/wp-json\/wp\/v2\/media?parent=36782"}],"wp:term":[{"taxonomy":"category","embeddable":true,"href":"https:\/\/www.colescba.org.ar\/portal\/wp-json\/wp\/v2\/categories?post=36782"},{"taxonomy":"post_tag","embeddable":true,"href":"https:\/\/www.colescba.org.ar\/portal\/wp-json\/wp\/v2\/tags?post=36782"},{"taxonomy":"noticias","embeddable":true,"href":"https:\/\/www.colescba.org.ar\/portal\/wp-json\/wp\/v2\/noticias?post=36782"}],"curies":[{"name":"wp","href":"https:\/\/api.w.org\/{rel}","templated":true}]}}