{"id":46984,"date":"2024-09-13T09:37:57","date_gmt":"2024-09-13T12:37:57","guid":{"rendered":"https:\/\/www.colescba.org.ar\/portal\/?p=46984"},"modified":"2024-09-13T09:37:57","modified_gmt":"2024-09-13T12:37:57","slug":"la-jornada-de-familia-nuevos-desafios-y-tensiones-de-las-relaciones-de-familia","status":"publish","type":"post","link":"https:\/\/www.colescba.org.ar\/portal\/novedades\/la-jornada-de-familia-nuevos-desafios-y-tensiones-de-las-relaciones-de-familia-13-09-2024","title":{"rendered":"La Jornada de Familia \u201cNuevos desaf\u00edos y tensiones de las relaciones de familia\u201d"},"content":{"rendered":"\n<p>A 10 a\u00f1os del C\u00f3digo Civil y Comercial, se llevar\u00e1 a cabo la Jornada de Familia \u201cNuevos desaf\u00edos y tensiones de las relaciones de familia\u201d. La actividad tendr\u00e1 lugar&nbsp;el viernes 8 de noviembre, en el horario&nbsp;de 9 a 19,&nbsp;en la&nbsp;sede de la&nbsp;Delegaci\u00f3n Necochea del Colegio de Escribanos de la Provincia de Buenos Aires, sita en calle 65 N\u00b02755.<\/p>\n\n\n\n<p>El encuentro, que se efectuar\u00e1 bajo modalidad mixta (virtual y presencial) ser\u00e1 con cupos limitados en la participaci\u00f3n presencial, y contar\u00e1 con la participaci\u00f3n de reconocidos juristas, entre los&nbsp;que&nbsp;se destacan&nbsp;Aida Kemelmajer de Carlucci, Julio Conte-Grand, Marisa Herrera, Mariana Iglesias, Silvia Fern\u00e1ndez y la notaria bonaerense Zulma Dodda.<\/p>\n\n\n\n<p>Asimismo, este importante espacio destinado a la reflexi\u00f3n y al debate cuenta con el auspicio del Ministerio P\u00fablico de la Provincia de Buenos Aires, del Colegio de Magistrados y Funcionarios del Departamento Judicial Necochea, del Colegio de Abogados de Necochea, del Instituto de Estudios Judiciales y del Colegio de Escribanos bonaerense.<\/p>\n\n\n\n<p><a href=\"https:\/\/capacitacion-repo.mpba.gov.ar\/imagenes\/programaFamiliaNecochea.pdf\">Ver Programa<\/a><\/p>\n\n\n\n<p><a href=\"https:\/\/cec.mpba.gov.ar\/node\/2400\">Inscripci\u00f3n<\/a><\/p>\n\n\n\n<p><\/p>\n","protected":false},"excerpt":{"rendered":"<p>A 10 a\u00f1os del C\u00f3digo Civil y Comercial, se llevar\u00e1 a cabo la Jornada de Familia \u201cNuevos desaf\u00edos y tensiones de las relaciones de familia\u201d. La actividad tendr\u00e1 lugar&nbsp;el viernes 8 de noviembre, en el horario&nbsp;de 9 a 19,&nbsp;en la&nbsp;sede de la&nbsp;Delegaci\u00f3n Necochea del Colegio de Escribanos de la Provincia de Buenos Aires, sita en [&hellip;]<\/p>\n","protected":false},"author":10,"featured_media":46985,"comment_status":"closed","ping_status":"closed","sticky":false,"template":"","format":"standard","meta":{"footnotes":""},"categories":[10],"tags":[],"noticias":[],"class_list":["post-46984","post","type-post","status-publish","format-standard","has-post-thumbnail","hentry","category-novedades"],"acf":[],"_links":{"self":[{"href":"https:\/\/www.colescba.org.ar\/portal\/wp-json\/wp\/v2\/posts\/46984","targetHints":{"allow":["GET"]}}],"collection":[{"href":"https:\/\/www.colescba.org.ar\/portal\/wp-json\/wp\/v2\/posts"}],"about":[{"href":"https:\/\/www.colescba.org.ar\/portal\/wp-json\/wp\/v2\/types\/post"}],"author":[{"embeddable":true,"href":"https:\/\/www.colescba.org.ar\/portal\/wp-json\/wp\/v2\/users\/10"}],"replies":[{"embeddable":true,"href":"https:\/\/www.colescba.org.ar\/portal\/wp-json\/wp\/v2\/comments?post=46984"}],"version-history":[{"count":1,"href":"https:\/\/www.colescba.org.ar\/portal\/wp-json\/wp\/v2\/posts\/46984\/revisions"}],"predecessor-version":[{"id":46986,"href":"https:\/\/www.colescba.org.ar\/portal\/wp-json\/wp\/v2\/posts\/46984\/revisions\/46986"}],"wp:featuredmedia":[{"embeddable":true,"href":"https:\/\/www.colescba.org.ar\/portal\/wp-json\/wp\/v2\/media\/46985"}],"wp:attachment":[{"href":"https:\/\/www.colescba.org.ar\/portal\/wp-json\/wp\/v2\/media?parent=46984"}],"wp:term":[{"taxonomy":"category","embeddable":true,"href":"https:\/\/www.colescba.org.ar\/portal\/wp-json\/wp\/v2\/categories?post=46984"},{"taxonomy":"post_tag","embeddable":true,"href":"https:\/\/www.colescba.org.ar\/portal\/wp-json\/wp\/v2\/tags?post=46984"},{"taxonomy":"noticias","embeddable":true,"href":"https:\/\/www.colescba.org.ar\/portal\/wp-json\/wp\/v2\/noticias?post=46984"}],"curies":[{"name":"wp","href":"https:\/\/api.w.org\/{rel}","templated":true}]}}