{"id":54437,"date":"2025-05-19T10:49:17","date_gmt":"2025-05-19T13:49:17","guid":{"rendered":"https:\/\/www.colescba.org.ar\/portal\/?p=54437"},"modified":"2025-05-19T10:49:17","modified_gmt":"2025-05-19T13:49:17","slug":"reunion-en-el-registro-de-la-propiedad","status":"publish","type":"post","link":"https:\/\/www.colescba.org.ar\/portal\/novedades\/reunion-en-el-registro-de-la-propiedad-19-05-2025","title":{"rendered":"Reuni\u00f3n en el Registro de la Propiedad"},"content":{"rendered":"\n<p>El pasado viernes 16 de mayo, dirigentes del Colegio participaron de una reuni\u00f3n de trabajo en el Registro de la Propiedad de la provincia de Buenos Aires junto a autoridades de dicho organismo y representantes de la Subsecretar\u00eda de H\u00e1bitat de la Comunidad bonaerense.<\/p>\n\n\n\n<p>Durante el encuentro se abordaron aspectos registrales de las escrituras de regularizaci\u00f3n dominial, con el objetivo de agilizar los tr\u00e1mites y aunar criterios que redunden en una mayor eficiencia.<\/p>\n\n\n\n<p>Las autoridades valoraron el trabajo realizado como altamente positivo, especialmente por ser el acceso a la vivienda un tema de gran trascendencia para la ciudadan\u00eda.<\/p>\n\n\n\n<p>Por parte del Colegio, estuvieron presentes el Presidente, Guillermo Longhi; la Vicepresidente 2\u00aa, Sabina Podrez Yaniz; la Secretaria de Gobierno, Carina P\u00e9rez Lozano; y la Presidente de la Comisi\u00f3n de Regularizaci\u00f3n Dominial, Cora Barreto Peltzer.<\/p>\n\n\n\n<p>En tanto que por el Registro de la Propiedad participaron su Director Provincial, Ariel Rondan Piacenti; la Directora de Servicios Registrales, Mar\u00eda Eugenia Arrieta; y el integrante de la Comisi\u00f3n de Unificaci\u00f3n de Criterios Agust\u00edn Galmarini.<\/p>\n\n\n\n<p>En representaci\u00f3n de la Subsecretar\u00eda de H\u00e1bitat asistieron el Director de Acciones Escriturarias, Ariel Trovero; y la encargada del departamento de Gesti\u00f3n de Servicios Registrales, Mar\u00eda Celeste Mart\u00ednez.<\/p>\n\n\n\n<p><\/p>\n","protected":false},"excerpt":{"rendered":"<p>El pasado viernes 16 de mayo, dirigentes del Colegio participaron de una reuni\u00f3n de trabajo en el Registro de la Propiedad de la provincia de Buenos Aires junto a autoridades de dicho organismo y representantes de la Subsecretar\u00eda de H\u00e1bitat de la Comunidad bonaerense. Durante el encuentro se abordaron aspectos registrales de las escrituras de [&hellip;]<\/p>\n","protected":false},"author":8,"featured_media":54438,"comment_status":"closed","ping_status":"closed","sticky":false,"template":"","format":"standard","meta":{"footnotes":""},"categories":[10],"tags":[],"noticias":[],"class_list":["post-54437","post","type-post","status-publish","format-standard","has-post-thumbnail","hentry","category-novedades"],"acf":[],"_links":{"self":[{"href":"https:\/\/www.colescba.org.ar\/portal\/wp-json\/wp\/v2\/posts\/54437","targetHints":{"allow":["GET"]}}],"collection":[{"href":"https:\/\/www.colescba.org.ar\/portal\/wp-json\/wp\/v2\/posts"}],"about":[{"href":"https:\/\/www.colescba.org.ar\/portal\/wp-json\/wp\/v2\/types\/post"}],"author":[{"embeddable":true,"href":"https:\/\/www.colescba.org.ar\/portal\/wp-json\/wp\/v2\/users\/8"}],"replies":[{"embeddable":true,"href":"https:\/\/www.colescba.org.ar\/portal\/wp-json\/wp\/v2\/comments?post=54437"}],"version-history":[{"count":2,"href":"https:\/\/www.colescba.org.ar\/portal\/wp-json\/wp\/v2\/posts\/54437\/revisions"}],"predecessor-version":[{"id":54440,"href":"https:\/\/www.colescba.org.ar\/portal\/wp-json\/wp\/v2\/posts\/54437\/revisions\/54440"}],"wp:featuredmedia":[{"embeddable":true,"href":"https:\/\/www.colescba.org.ar\/portal\/wp-json\/wp\/v2\/media\/54438"}],"wp:attachment":[{"href":"https:\/\/www.colescba.org.ar\/portal\/wp-json\/wp\/v2\/media?parent=54437"}],"wp:term":[{"taxonomy":"category","embeddable":true,"href":"https:\/\/www.colescba.org.ar\/portal\/wp-json\/wp\/v2\/categories?post=54437"},{"taxonomy":"post_tag","embeddable":true,"href":"https:\/\/www.colescba.org.ar\/portal\/wp-json\/wp\/v2\/tags?post=54437"},{"taxonomy":"noticias","embeddable":true,"href":"https:\/\/www.colescba.org.ar\/portal\/wp-json\/wp\/v2\/noticias?post=54437"}],"curies":[{"name":"wp","href":"https:\/\/api.w.org\/{rel}","templated":true}]}}