{"id":54445,"date":"2025-05-20T11:12:47","date_gmt":"2025-05-20T14:12:47","guid":{"rendered":"https:\/\/www.colescba.org.ar\/portal\/?p=54445"},"modified":"2025-05-20T12:05:28","modified_gmt":"2025-05-20T15:05:28","slug":"firma-de-convenio-de-mediacion-con-el-municipio-de-carmen-de-areco","status":"publish","type":"post","link":"https:\/\/www.colescba.org.ar\/portal\/novedades\/firma-de-convenio-de-mediacion-con-el-municipio-de-carmen-de-areco-20-05-2025","title":{"rendered":"Firma de convenio de mediaci\u00f3n con el municipio de Carmen de Areco"},"content":{"rendered":"\n<p>El pasado viernes 16 de mayo se firm\u00f3 un convenio de colaboraci\u00f3n entre el Centro de Mediaci\u00f3n del Colegio de Escribanos y el municipio de Carmen de Areco para promover el uso de la mediaci\u00f3n voluntaria como herramienta pac\u00edfica y accesible para la resoluci\u00f3n de conflictos en el \u00e1mbito local.<\/p>\n\n\n\n<p>El acuerdo fue suscripto por la Directora del Centro Institucional de Mediaci\u00f3n, Graciela Curuchelar, y por el intendente de Carmen de Areco, Iv\u00e1n Villagr\u00e1n.<\/p>\n\n\n\n<p>Tambi\u00e9n participaron del encuentro Graciela Vilalta, Directora del Centro de Mediaci\u00f3n de la Delegaci\u00f3n Mercedes; y Carolina Ver\u00f3nica Seoane, Vicepresidente de su Junta Ejecutiva.<\/p>\n\n\n\n<p>En representaci\u00f3n del Comit\u00e9 Ejecutivo del Colegio se hicieron presentes la Secretaria de Asuntos Previsionales, Paula Velilla; el Secretario de Administraci\u00f3n, Francisco Barreto Peltzer; y la Tesorera, Mar\u00eda Beatriz Aguirre.<\/p>\n\n\n\n<p>Minutos antes, el Presidente del Colegio de Escribanos, Guillermo Longhi, hab\u00eda efectuado una visita protocolar, en la que se reuni\u00f3 con la directora del Centro de Mediaci\u00f3n para abordar temas comunes para la agenda del presente a\u00f1o.<\/p>\n\n\n\n<p>Las autoridades destacaron que el mencionado acuerdo fortalece el compromiso de ambas instituciones con la promoci\u00f3n del di\u00e1logo, el acercamiento comunitario y la b\u00fasqueda de soluciones colaborativas, fomentando una cultura de paz y convivencia en el partido de Carmen de Areco.<\/p>\n\n\n\n<p>La firma del convenio se encuentra enmarcada en acciones similares que viene llevando adelante el Centro Institucional de Mediaci\u00f3n con municipios y con instituciones profesionales.<\/p>\n\n\n\n<figure class=\"wp-block-image aligncenter size-large is-resized\"><img fetchpriority=\"high\" decoding=\"async\" width=\"768\" height=\"1024\" src=\"https:\/\/www.colescba.org.ar\/portal\/wp-content\/uploads\/2025\/05\/Longhi-Curuchelar-768x1024.jpeg\" alt=\"\" class=\"wp-image-54446\" style=\"width:409px;height:auto\" srcset=\"https:\/\/www.colescba.org.ar\/portal\/wp-content\/uploads\/2025\/05\/Longhi-Curuchelar-768x1024.jpeg 768w, https:\/\/www.colescba.org.ar\/portal\/wp-content\/uploads\/2025\/05\/Longhi-Curuchelar-225x300.jpeg 225w, https:\/\/www.colescba.org.ar\/portal\/wp-content\/uploads\/2025\/05\/Longhi-Curuchelar-50x67.jpeg 50w, https:\/\/www.colescba.org.ar\/portal\/wp-content\/uploads\/2025\/05\/Longhi-Curuchelar.jpeg 960w\" sizes=\"(max-width: 768px) 100vw, 768px\" \/><\/figure>\n","protected":false},"excerpt":{"rendered":"<p>El pasado viernes 16 de mayo se firm\u00f3 un convenio de colaboraci\u00f3n entre el Centro de Mediaci\u00f3n del Colegio de Escribanos y el municipio de Carmen de Areco para promover el uso de la mediaci\u00f3n voluntaria como herramienta pac\u00edfica y accesible para la resoluci\u00f3n de conflictos en el \u00e1mbito local. El acuerdo fue suscripto por [&hellip;]<\/p>\n","protected":false},"author":8,"featured_media":54447,"comment_status":"closed","ping_status":"closed","sticky":false,"template":"","format":"standard","meta":{"footnotes":""},"categories":[10],"tags":[],"noticias":[],"class_list":["post-54445","post","type-post","status-publish","format-standard","has-post-thumbnail","hentry","category-novedades"],"acf":[],"_links":{"self":[{"href":"https:\/\/www.colescba.org.ar\/portal\/wp-json\/wp\/v2\/posts\/54445","targetHints":{"allow":["GET"]}}],"collection":[{"href":"https:\/\/www.colescba.org.ar\/portal\/wp-json\/wp\/v2\/posts"}],"about":[{"href":"https:\/\/www.colescba.org.ar\/portal\/wp-json\/wp\/v2\/types\/post"}],"author":[{"embeddable":true,"href":"https:\/\/www.colescba.org.ar\/portal\/wp-json\/wp\/v2\/users\/8"}],"replies":[{"embeddable":true,"href":"https:\/\/www.colescba.org.ar\/portal\/wp-json\/wp\/v2\/comments?post=54445"}],"version-history":[{"count":3,"href":"https:\/\/www.colescba.org.ar\/portal\/wp-json\/wp\/v2\/posts\/54445\/revisions"}],"predecessor-version":[{"id":54451,"href":"https:\/\/www.colescba.org.ar\/portal\/wp-json\/wp\/v2\/posts\/54445\/revisions\/54451"}],"wp:featuredmedia":[{"embeddable":true,"href":"https:\/\/www.colescba.org.ar\/portal\/wp-json\/wp\/v2\/media\/54447"}],"wp:attachment":[{"href":"https:\/\/www.colescba.org.ar\/portal\/wp-json\/wp\/v2\/media?parent=54445"}],"wp:term":[{"taxonomy":"category","embeddable":true,"href":"https:\/\/www.colescba.org.ar\/portal\/wp-json\/wp\/v2\/categories?post=54445"},{"taxonomy":"post_tag","embeddable":true,"href":"https:\/\/www.colescba.org.ar\/portal\/wp-json\/wp\/v2\/tags?post=54445"},{"taxonomy":"noticias","embeddable":true,"href":"https:\/\/www.colescba.org.ar\/portal\/wp-json\/wp\/v2\/noticias?post=54445"}],"curies":[{"name":"wp","href":"https:\/\/api.w.org\/{rel}","templated":true}]}}