{"id":56381,"date":"2025-06-27T14:35:32","date_gmt":"2025-06-27T17:35:32","guid":{"rendered":"https:\/\/www.colescba.org.ar\/portal\/?p=56381"},"modified":"2025-06-27T14:35:32","modified_gmt":"2025-06-27T17:35:32","slug":"visita-del-procurador-general-de-la-provincia","status":"publish","type":"post","link":"https:\/\/www.colescba.org.ar\/portal\/novedades\/visita-del-procurador-general-de-la-provincia-27-06-2025","title":{"rendered":"Visita del Procurador General de la Provincia"},"content":{"rendered":"\n<p>El Procurador General de la Provincia de Bs As, Dr. Julio Conte Grand, visit\u00f3 la sede de la Delegaci\u00f3n Bah\u00eda Blanca el viernes 27 de junio.<\/p>\n\n\n\n<p>Fue recibido por el titular de la demarcaci\u00f3n, Ariel Mart\u00edn Moreno; y la Vicepresidente, Mariana Moral.<br><\/p>\n\n\n\n<p>El encuentro brind\u00f3 la oportunidad de abordar temas de inter\u00e9s mutuo entre la Procuraci\u00f3n y el Colegio de Escribanos, en un \u00e1mbito de cordialidad.<br><\/p>\n\n\n\n<p><\/p>\n","protected":false},"excerpt":{"rendered":"<p>El Procurador General de la Provincia de Bs As, Dr. Julio Conte Grand, visit\u00f3 la sede de la Delegaci\u00f3n Bah\u00eda Blanca el viernes 27 de junio. Fue recibido por el titular de la demarcaci\u00f3n, Ariel Mart\u00edn Moreno; y la Vicepresidente, Mariana Moral. El encuentro brind\u00f3 la oportunidad de abordar temas de inter\u00e9s mutuo entre la [&hellip;]<\/p>\n","protected":false},"author":10,"featured_media":56385,"comment_status":"closed","ping_status":"closed","sticky":false,"template":"","format":"standard","meta":{"footnotes":""},"categories":[61,33,59,10,49],"tags":[],"noticias":[],"class_list":["post-56381","post","type-post","status-publish","format-standard","has-post-thumbnail","hentry","category-agenda-bahia-blanca","category-novedades-delegaciones","category-agenda-delegaciones","category-novedades","category-pergamino"],"acf":[],"_links":{"self":[{"href":"https:\/\/www.colescba.org.ar\/portal\/wp-json\/wp\/v2\/posts\/56381","targetHints":{"allow":["GET"]}}],"collection":[{"href":"https:\/\/www.colescba.org.ar\/portal\/wp-json\/wp\/v2\/posts"}],"about":[{"href":"https:\/\/www.colescba.org.ar\/portal\/wp-json\/wp\/v2\/types\/post"}],"author":[{"embeddable":true,"href":"https:\/\/www.colescba.org.ar\/portal\/wp-json\/wp\/v2\/users\/10"}],"replies":[{"embeddable":true,"href":"https:\/\/www.colescba.org.ar\/portal\/wp-json\/wp\/v2\/comments?post=56381"}],"version-history":[{"count":1,"href":"https:\/\/www.colescba.org.ar\/portal\/wp-json\/wp\/v2\/posts\/56381\/revisions"}],"predecessor-version":[{"id":56386,"href":"https:\/\/www.colescba.org.ar\/portal\/wp-json\/wp\/v2\/posts\/56381\/revisions\/56386"}],"wp:featuredmedia":[{"embeddable":true,"href":"https:\/\/www.colescba.org.ar\/portal\/wp-json\/wp\/v2\/media\/56385"}],"wp:attachment":[{"href":"https:\/\/www.colescba.org.ar\/portal\/wp-json\/wp\/v2\/media?parent=56381"}],"wp:term":[{"taxonomy":"category","embeddable":true,"href":"https:\/\/www.colescba.org.ar\/portal\/wp-json\/wp\/v2\/categories?post=56381"},{"taxonomy":"post_tag","embeddable":true,"href":"https:\/\/www.colescba.org.ar\/portal\/wp-json\/wp\/v2\/tags?post=56381"},{"taxonomy":"noticias","embeddable":true,"href":"https:\/\/www.colescba.org.ar\/portal\/wp-json\/wp\/v2\/noticias?post=56381"}],"curies":[{"name":"wp","href":"https:\/\/api.w.org\/{rel}","templated":true}]}}