{"id":56777,"date":"2025-07-10T16:07:03","date_gmt":"2025-07-10T19:07:03","guid":{"rendered":"https:\/\/www.colescba.org.ar\/portal\/?p=56777"},"modified":"2025-07-10T16:07:03","modified_gmt":"2025-07-10T19:07:03","slug":"reunion-con-el-ministro-de-justicia-vinculada-con-el-concurso-de-titularidades-de-registros-notariales","status":"publish","type":"post","link":"https:\/\/www.colescba.org.ar\/portal\/novedades\/reunion-con-el-ministro-de-justicia-vinculada-con-el-concurso-de-titularidades-de-registros-notariales-10-07-2025","title":{"rendered":"Reuni\u00f3n con el Ministro de Justicia vinculada con el Concurso de Titularidades de Registros Notariales"},"content":{"rendered":"\n<p>El martes 8 de julio, en la sede del Ministerio de Justicia y Derechos Humanos de la Provincia de Buenos Aires, se llev\u00f3 a cabo una importante reuni\u00f3n entre el Ministro Juan Mart\u00edn Mena y autoridades del Colegio de Escribanos, en el marco del proceso vinculado con los Concursos de Oposici\u00f3n y Antecedentes para la provisi\u00f3n de titularidades de Registros de Notariales.<\/p>\n\n\n\n<p>Por parte del Colegio bonaerense, participaron el Presidente, Guillermo Longhi; el Vicepresidente 1\u00b0, Maximiliano Molina; y el actual Presidente del Consejo Federal del Notariado Argentino, Diego Molina, quien tuvo a su cargo la presidencia del Colegio durante la organizaci\u00f3n del XXX Concurso.<\/p>\n\n\n\n<p>Asimismo, estuvieron presentes la Escribana Adscripta Superior de la Escriban\u00eda General de Gobierno de la Provincia de Buenos Aires, Cibiana Blanco, y la asesora del organismo, Mar\u00eda Eugenia Doro Urquiza.<\/p>\n\n\n\n<p>Durante el encuentro se avanz\u00f3 significativamente en el cierre del XXX Concurso y se dieron los primeros pasos hacia la organizaci\u00f3n del XXXI, con el compromiso de continuar las tareas en reuniones que se llevar\u00e1n a cabo en los pr\u00f3ximos d\u00edas.<\/p>\n\n\n\n<p>Las autoridades calificaron la reuni\u00f3n como altamente positiva, destacando el esp\u00edritu de colaboraci\u00f3n institucional que gu\u00eda el trabajo conjunto entre el Ministerio y el Colegio.<\/p>\n","protected":false},"excerpt":{"rendered":"<p>El martes 8 de julio, en la sede del Ministerio de Justicia y Derechos Humanos de la Provincia de Buenos Aires, se llev\u00f3 a cabo una importante reuni\u00f3n entre el Ministro Juan Mart\u00edn Mena y autoridades del Colegio de Escribanos, en el marco del proceso vinculado con los Concursos de Oposici\u00f3n y Antecedentes para la [&hellip;]<\/p>\n","protected":false},"author":12,"featured_media":56778,"comment_status":"closed","ping_status":"closed","sticky":false,"template":"","format":"standard","meta":{"footnotes":""},"categories":[10],"tags":[],"noticias":[],"class_list":["post-56777","post","type-post","status-publish","format-standard","has-post-thumbnail","hentry","category-novedades"],"acf":[],"_links":{"self":[{"href":"https:\/\/www.colescba.org.ar\/portal\/wp-json\/wp\/v2\/posts\/56777","targetHints":{"allow":["GET"]}}],"collection":[{"href":"https:\/\/www.colescba.org.ar\/portal\/wp-json\/wp\/v2\/posts"}],"about":[{"href":"https:\/\/www.colescba.org.ar\/portal\/wp-json\/wp\/v2\/types\/post"}],"author":[{"embeddable":true,"href":"https:\/\/www.colescba.org.ar\/portal\/wp-json\/wp\/v2\/users\/12"}],"replies":[{"embeddable":true,"href":"https:\/\/www.colescba.org.ar\/portal\/wp-json\/wp\/v2\/comments?post=56777"}],"version-history":[{"count":2,"href":"https:\/\/www.colescba.org.ar\/portal\/wp-json\/wp\/v2\/posts\/56777\/revisions"}],"predecessor-version":[{"id":56780,"href":"https:\/\/www.colescba.org.ar\/portal\/wp-json\/wp\/v2\/posts\/56777\/revisions\/56780"}],"wp:featuredmedia":[{"embeddable":true,"href":"https:\/\/www.colescba.org.ar\/portal\/wp-json\/wp\/v2\/media\/56778"}],"wp:attachment":[{"href":"https:\/\/www.colescba.org.ar\/portal\/wp-json\/wp\/v2\/media?parent=56777"}],"wp:term":[{"taxonomy":"category","embeddable":true,"href":"https:\/\/www.colescba.org.ar\/portal\/wp-json\/wp\/v2\/categories?post=56777"},{"taxonomy":"post_tag","embeddable":true,"href":"https:\/\/www.colescba.org.ar\/portal\/wp-json\/wp\/v2\/tags?post=56777"},{"taxonomy":"noticias","embeddable":true,"href":"https:\/\/www.colescba.org.ar\/portal\/wp-json\/wp\/v2\/noticias?post=56777"}],"curies":[{"name":"wp","href":"https:\/\/api.w.org\/{rel}","templated":true}]}}