{"id":56782,"date":"2025-07-11T10:29:22","date_gmt":"2025-07-11T13:29:22","guid":{"rendered":"https:\/\/www.colescba.org.ar\/portal\/?p=56782"},"modified":"2025-08-20T15:40:15","modified_gmt":"2025-08-20T18:40:15","slug":"ciclo-de-capacitacion-presencial-en-delegaciones-sobre-la-disposicion-n-306-2025-de-la-dppj","status":"publish","type":"post","link":"https:\/\/www.colescba.org.ar\/portal\/novedades\/ciclo-de-capacitacion-presencial-en-delegaciones-sobre-la-disposicion-n-306-2025-de-la-dppj-11-07-2025","title":{"rendered":"Ciclo de capacitaci\u00f3n presencial en delegaciones sobre la disposici\u00f3n N\u00b0 306\/2025 de la DPPJ"},"content":{"rendered":"\n<p>En virtud de lo establecido por la Resoluci\u00f3n N\u00b0 306\/2025 de la Direcci\u00f3n Provincial de Personas Jur\u00eddicas que dispone que, desde el 1\u00b0 de agosto de 2025, todos los tr\u00e1mites deber\u00e1n ingresar exclusivamente mediante el procedimiento digital remoto, se realizar\u00e1 un ciclo de capacitaci\u00f3n presencial en las delegaciones del Colegio.<\/p>\n\n\n\n<p>Los encuentros ser\u00e1n dictados por miembros de la Comisi\u00f3n de Personas Jur\u00eddicas y\/o de la Comisi\u00f3n de Noveles de Colegio, quienes abordar\u00e1n aspectos de la nueva norma desde una perspectiva pr\u00e1ctica.<\/p>\n\n\n\n<p>La capacitaci\u00f3n se encuentra destinada al notariado y ser\u00e1 sin costo. Los interesados en participar deber\u00e1n comunicarse con su respectiva delegaci\u00f3n sede para completar la inscripci\u00f3n.<\/p>\n\n\n\n<p>Las fechas confirmadas hasta el momento son:<\/p>\n\n\n\n<ul class=\"wp-block-list\">\n<li>Delegaci\u00f3n Lomas de Zamora, 16 de Julio, 9.30 horas, a cargo de Manuel Aguilera y Catalina Malara.<\/li>\n\n\n\n<li>Delegaci\u00f3n Tandil, 23 de julio, 15 horas, a cargo de Santiago Pinto.<\/li>\n\n\n\n<li>Delegaci\u00f3n Jun\u00edn, 6 de agosto, 14 horas, a cargo de Esteban Ebrecht.<\/li>\n\n\n\n<li>Delegaci\u00f3n San Isidro, 6 de agosto, de 9:30 a 11:30, a cargo de Marcos Heredia.<\/li>\n\n\n\n<li>Delegaci\u00f3n La Plata, 7 de agosto, 16 horas, a cargo de Leonardo Villegas.<\/li>\n\n\n\n<li>Delegaci\u00f3n Azul, 12 de agosto, 15 horas, a cargo de Franco De Zorzi<\/li>\n\n\n\n<li>Delegaci\u00f3n Dolores, 14 de agosto, 14 horas, Manuel Aguilera<\/li>\n\n\n\n<li>Delegaci\u00f3n San Mart\u00edn, 19 de agosto, 10 horas, a cargo de Manuel Aguilera.<\/li>\n\n\n\n<li>Delegaci\u00f3n Necochea, 20 de agosto, 15 horas, a cargo de Santiago Pinto<\/li>\n\n\n\n<li>Delegaci\u00f3n Trenque Lauquen, 20 de agosto, 15 horas, a cargo Esteban Ebrecht<\/li>\n\n\n\n<li>Delegaci\u00f3n San Nicol\u00e1s, 26 de agosto, 14 horas, a cargo de Juan Andr\u00e9s Bravo y Esteban Ebrecht<\/li>\n\n\n\n<li>Delegaci\u00f3n Pergamino, 27 de agosto, 16.30 horas, a cargo de Patricio Tom\u00e1s Street y Esteban Ebrecht<\/li>\n\n\n\n<li>Delegaci\u00f3n Nueve de Julio, 14 de octubre, a las 10 horas, a cargo de Felicitas Bruzzo<\/li>\n<\/ul>\n\n\n\n<p><\/p>\n","protected":false},"excerpt":{"rendered":"<p>En virtud de lo establecido por la Resoluci\u00f3n N\u00b0 306\/2025 de la Direcci\u00f3n Provincial de Personas Jur\u00eddicas que dispone que, desde el 1\u00b0 de agosto de 2025, todos los tr\u00e1mites deber\u00e1n ingresar exclusivamente mediante el procedimiento digital remoto, se realizar\u00e1 un ciclo de capacitaci\u00f3n presencial en las delegaciones del Colegio. Los encuentros ser\u00e1n dictados por [&hellip;]<\/p>\n","protected":false},"author":10,"featured_media":56784,"comment_status":"closed","ping_status":"closed","sticky":false,"template":"","format":"standard","meta":{"footnotes":""},"categories":[10],"tags":[],"noticias":[],"class_list":["post-56782","post","type-post","status-publish","format-standard","has-post-thumbnail","hentry","category-novedades"],"acf":[],"_links":{"self":[{"href":"https:\/\/www.colescba.org.ar\/portal\/wp-json\/wp\/v2\/posts\/56782","targetHints":{"allow":["GET"]}}],"collection":[{"href":"https:\/\/www.colescba.org.ar\/portal\/wp-json\/wp\/v2\/posts"}],"about":[{"href":"https:\/\/www.colescba.org.ar\/portal\/wp-json\/wp\/v2\/types\/post"}],"author":[{"embeddable":true,"href":"https:\/\/www.colescba.org.ar\/portal\/wp-json\/wp\/v2\/users\/10"}],"replies":[{"embeddable":true,"href":"https:\/\/www.colescba.org.ar\/portal\/wp-json\/wp\/v2\/comments?post=56782"}],"version-history":[{"count":16,"href":"https:\/\/www.colescba.org.ar\/portal\/wp-json\/wp\/v2\/posts\/56782\/revisions"}],"predecessor-version":[{"id":57662,"href":"https:\/\/www.colescba.org.ar\/portal\/wp-json\/wp\/v2\/posts\/56782\/revisions\/57662"}],"wp:featuredmedia":[{"embeddable":true,"href":"https:\/\/www.colescba.org.ar\/portal\/wp-json\/wp\/v2\/media\/56784"}],"wp:attachment":[{"href":"https:\/\/www.colescba.org.ar\/portal\/wp-json\/wp\/v2\/media?parent=56782"}],"wp:term":[{"taxonomy":"category","embeddable":true,"href":"https:\/\/www.colescba.org.ar\/portal\/wp-json\/wp\/v2\/categories?post=56782"},{"taxonomy":"post_tag","embeddable":true,"href":"https:\/\/www.colescba.org.ar\/portal\/wp-json\/wp\/v2\/tags?post=56782"},{"taxonomy":"noticias","embeddable":true,"href":"https:\/\/www.colescba.org.ar\/portal\/wp-json\/wp\/v2\/noticias?post=56782"}],"curies":[{"name":"wp","href":"https:\/\/api.w.org\/{rel}","templated":true}]}}