{"id":57569,"date":"2025-08-18T12:13:14","date_gmt":"2025-08-18T15:13:14","guid":{"rendered":"https:\/\/www.colescba.org.ar\/portal\/?p=57569"},"modified":"2025-08-18T14:26:37","modified_gmt":"2025-08-18T17:26:37","slug":"taller-sobre-conflictos-y-comunicacion","status":"publish","type":"post","link":"https:\/\/www.colescba.org.ar\/portal\/novedades\/taller-sobre-conflictos-y-comunicacion-18-08-2025","title":{"rendered":"Taller sobre conflictos y Comunicaci\u00f3n"},"content":{"rendered":"\n<p>Con la presencia del personal del Departamento Recursos Humanos, la escribana y mediadora Gachi Vilalta brindo un taller sobre Conflicto y Comunicaci\u00f3n al personal de la Delegaci\u00f3n Jun\u00edn de este Colegio.<br><\/p>\n\n\n\n<p>Una reuni\u00f3n amena y con participantes interesados.<\/p>\n\n\n\n<p><br><\/p>\n\n\n\n<p><\/p>\n","protected":false},"excerpt":{"rendered":"<p>Con la presencia del personal del Departamento Recursos Humanos, la escribana y mediadora Gachi Vilalta brindo un taller sobre Conflicto y Comunicaci\u00f3n al personal de la Delegaci\u00f3n Jun\u00edn de este Colegio. Una reuni\u00f3n amena y con participantes interesados.<\/p>\n","protected":false},"author":10,"featured_media":57570,"comment_status":"closed","ping_status":"closed","sticky":false,"template":"","format":"standard","meta":{"footnotes":""},"categories":[59,33,63,41,10],"tags":[],"noticias":[],"class_list":["post-57569","post","type-post","status-publish","format-standard","has-post-thumbnail","hentry","category-agenda-delegaciones","category-novedades-delegaciones","category-agenda-junin","category-junin","category-novedades"],"acf":[],"_links":{"self":[{"href":"https:\/\/www.colescba.org.ar\/portal\/wp-json\/wp\/v2\/posts\/57569","targetHints":{"allow":["GET"]}}],"collection":[{"href":"https:\/\/www.colescba.org.ar\/portal\/wp-json\/wp\/v2\/posts"}],"about":[{"href":"https:\/\/www.colescba.org.ar\/portal\/wp-json\/wp\/v2\/types\/post"}],"author":[{"embeddable":true,"href":"https:\/\/www.colescba.org.ar\/portal\/wp-json\/wp\/v2\/users\/10"}],"replies":[{"embeddable":true,"href":"https:\/\/www.colescba.org.ar\/portal\/wp-json\/wp\/v2\/comments?post=57569"}],"version-history":[{"count":1,"href":"https:\/\/www.colescba.org.ar\/portal\/wp-json\/wp\/v2\/posts\/57569\/revisions"}],"predecessor-version":[{"id":57571,"href":"https:\/\/www.colescba.org.ar\/portal\/wp-json\/wp\/v2\/posts\/57569\/revisions\/57571"}],"wp:featuredmedia":[{"embeddable":true,"href":"https:\/\/www.colescba.org.ar\/portal\/wp-json\/wp\/v2\/media\/57570"}],"wp:attachment":[{"href":"https:\/\/www.colescba.org.ar\/portal\/wp-json\/wp\/v2\/media?parent=57569"}],"wp:term":[{"taxonomy":"category","embeddable":true,"href":"https:\/\/www.colescba.org.ar\/portal\/wp-json\/wp\/v2\/categories?post=57569"},{"taxonomy":"post_tag","embeddable":true,"href":"https:\/\/www.colescba.org.ar\/portal\/wp-json\/wp\/v2\/tags?post=57569"},{"taxonomy":"noticias","embeddable":true,"href":"https:\/\/www.colescba.org.ar\/portal\/wp-json\/wp\/v2\/noticias?post=57569"}],"curies":[{"name":"wp","href":"https:\/\/api.w.org\/{rel}","templated":true}]}}