{"id":57575,"date":"2025-08-19T10:01:16","date_gmt":"2025-08-19T13:01:16","guid":{"rendered":"https:\/\/www.colescba.org.ar\/portal\/?p=57575"},"modified":"2025-09-24T14:54:27","modified_gmt":"2025-09-24T17:54:27","slug":"capacitacion-obligatoria-anual-sobre-prevencion-de-lavado-de-activos-en-el-ambito-notarial","status":"publish","type":"post","link":"https:\/\/www.colescba.org.ar\/portal\/novedades\/capacitacion-obligatoria-anual-sobre-prevencion-de-lavado-de-activos-en-el-ambito-notarial-19-08-2025","title":{"rendered":"Capacitaci\u00f3n obligatoria anual UIF &#8211; a\u00f1o 2025"},"content":{"rendered":"\n<div class=\"wp-block-group is-layout-constrained wp-block-group-is-layout-constrained\">\n<p>En cumplimiento de la resoluci\u00f3n N\u00b0 242\/2023 de la UIF, el Colegio llevar\u00e1 adelante la capacitaci\u00f3n obligatoria anual requerida por la Unidad de Informaci\u00f3n Financiera correspondiente al a\u00f1o en curso.<br>&nbsp;<br>La capacitaci\u00f3n se dictar\u00e1 de manera presencial en las delegaciones de la provincia. Al finalizar, tanto la evaluaci\u00f3n como la emisi\u00f3n del certificado quedar\u00e1n a cargo de la Universidad Notarial Argentina.<br>&nbsp;<br>Cada escribano podr\u00e1 hacer la capacitaci\u00f3n en cualquiera de las delegaciones del Colegio.<\/p>\n\n\n\n<p><strong>Aclaraci\u00f3n:<\/strong> los ex\u00e1menes estar\u00e1n disponibles en el sitio web de la UNA entre los meses de noviembre y diciembre, debiendo cada notario ingresar a la evaluaci\u00f3n que le corresponda seg\u00fan la delegaci\u00f3n a la que pertenece, m\u00e1s all\u00e1 de haber realizado la citada capacitaci\u00f3n en cualquier otra\u00a0delegaci\u00f3n.<br>\u00a0<br>Cronograma de encuentros<br><s>Delegaci\u00f3n Nueve de Julio, 09\/09\/2025, 10.00 hs. Disertante: Mar\u00eda Losardo.<\/s><\/p>\n\n\n\n<p><s>Delegaci\u00f3n Tandil, 10\/09\/2025, 10.00 hs. Disertante: Mar\u00eda Losardo.<br><br>Delegaci\u00f3n Azul, 10\/09\/2025, 15.00 hs. Disertante: Mar\u00eda Losardo.<\/s><br><br><s>Delegaci\u00f3n Mor\u00f3n, 17\/09\/2025, de 10.00 a 13.00 hs. Disertante: Sim\u00f3n Labaqui.<br><br>Delegaci\u00f3n Lomas de Zamora, 24\/09\/2025, 9.30 hs. Disertante: Leticia Krannichfeldt.<br><br>Delegaci\u00f3n San Mart\u00edn, 24\/09\/2025, 9:30 hs. Disertante: Sim\u00f3n Labaqui.<br><br>Delegaci\u00f3n Trenque Lauquen, 24\/09\/2025, 10.00 hs. Disertante: Juan Autino.<\/s><\/p>\n\n\n\n<p>Delegaci\u00f3n Mar del Plata, 25\/09\/2025, 14.00 hs. Disertante: Natalia Mart\u00ednez Dodda.<br><br>Delegaci\u00f3n La Plata, 25\/09\/2025, 15.00 hs., en la sede central del Colegio. Disertante: Sim\u00f3n Labaqui.<br><br>Delegaci\u00f3n Jun\u00edn, 01\/10\/2025, 15.00 hs.. Disertante: Sim\u00f3n Labaqui.<\/p>\n\n\n\n<p>Delegaci\u00f3n Necochea, 06\/10\/2025, 9.00 hs. Disertante: Leticia Krannichfeldt.<br><br>Delegaci\u00f3n Pergamino, 06\/10\/2025, 16.30 hs. Disertante: Natalia Mart\u00ednez Dodda.<br><br>Delegaci\u00f3n San Nicol\u00e1s, 07\/10\/2025, 14.00 a 16.00 hs. Disertante: Natalia Mart\u00ednez Dodda.<br><br>Delegaci\u00f3n Mercedes, 08\/10\/2025, 14.30 a 17.30. Disertante: Juan Autino.<\/p>\n\n\n\n<p>Delegaci\u00f3n Bah\u00eda Blanca, 20\/10\/2025, 10 hs. Disertante: Sim\u00f3n Labaqui.<\/p>\n\n\n\n<p>Delegaci\u00f3n Dolores, 22\/10\/2025, 10 hs. Disertante: Juli\u00e1n Gonz\u00e1lez Mantelli.<\/p>\n\n\n\n<p>Delegaci\u00f3n San Isidro, 29\/10\/2025, 9.30 hs. Disertante: Juli\u00e1n Gonz\u00e1lez Mantelli.<\/p>\n\n\n\n<p><br>&nbsp;<\/p>\n<\/div>\n\n\n\n<p><br><\/p>\n\n\n\n<p><\/p>\n","protected":false},"excerpt":{"rendered":"<p>En cumplimiento de la resoluci\u00f3n N\u00b0 242\/2023 de la UIF, el Colegio llevar\u00e1 adelante la capacitaci\u00f3n obligatoria anual requerida por la Unidad de Informaci\u00f3n Financiera correspondiente al a\u00f1o en curso.&nbsp;La capacitaci\u00f3n se dictar\u00e1 de manera presencial en las delegaciones de la provincia. Al finalizar, tanto la evaluaci\u00f3n como la emisi\u00f3n del certificado quedar\u00e1n a cargo [&hellip;]<\/p>\n","protected":false},"author":10,"featured_media":34990,"comment_status":"closed","ping_status":"closed","sticky":false,"template":"","format":"standard","meta":{"footnotes":""},"categories":[87,10],"tags":[],"noticias":[],"class_list":["post-57575","post","type-post","status-publish","format-standard","has-post-thumbnail","hentry","category-noticias","category-novedades"],"acf":[],"_links":{"self":[{"href":"https:\/\/www.colescba.org.ar\/portal\/wp-json\/wp\/v2\/posts\/57575","targetHints":{"allow":["GET"]}}],"collection":[{"href":"https:\/\/www.colescba.org.ar\/portal\/wp-json\/wp\/v2\/posts"}],"about":[{"href":"https:\/\/www.colescba.org.ar\/portal\/wp-json\/wp\/v2\/types\/post"}],"author":[{"embeddable":true,"href":"https:\/\/www.colescba.org.ar\/portal\/wp-json\/wp\/v2\/users\/10"}],"replies":[{"embeddable":true,"href":"https:\/\/www.colescba.org.ar\/portal\/wp-json\/wp\/v2\/comments?post=57575"}],"version-history":[{"count":19,"href":"https:\/\/www.colescba.org.ar\/portal\/wp-json\/wp\/v2\/posts\/57575\/revisions"}],"predecessor-version":[{"id":58524,"href":"https:\/\/www.colescba.org.ar\/portal\/wp-json\/wp\/v2\/posts\/57575\/revisions\/58524"}],"wp:featuredmedia":[{"embeddable":true,"href":"https:\/\/www.colescba.org.ar\/portal\/wp-json\/wp\/v2\/media\/34990"}],"wp:attachment":[{"href":"https:\/\/www.colescba.org.ar\/portal\/wp-json\/wp\/v2\/media?parent=57575"}],"wp:term":[{"taxonomy":"category","embeddable":true,"href":"https:\/\/www.colescba.org.ar\/portal\/wp-json\/wp\/v2\/categories?post=57575"},{"taxonomy":"post_tag","embeddable":true,"href":"https:\/\/www.colescba.org.ar\/portal\/wp-json\/wp\/v2\/tags?post=57575"},{"taxonomy":"noticias","embeddable":true,"href":"https:\/\/www.colescba.org.ar\/portal\/wp-json\/wp\/v2\/noticias?post=57575"}],"curies":[{"name":"wp","href":"https:\/\/api.w.org\/{rel}","templated":true}]}}