{"id":57668,"date":"2025-08-21T09:31:46","date_gmt":"2025-08-21T12:31:46","guid":{"rendered":"https:\/\/www.colescba.org.ar\/portal\/?p=57668"},"modified":"2025-08-21T09:31:47","modified_gmt":"2025-08-21T12:31:47","slug":"jornada-de-propiedad-horizontal-en-san-isidro","status":"publish","type":"post","link":"https:\/\/www.colescba.org.ar\/portal\/novedades\/centro-institucional-de-mediacion\/jornada-de-propiedad-horizontal-en-san-isidro-21-08-2025","title":{"rendered":"Jornada de Propiedad Horizontal, en San isidro"},"content":{"rendered":"\n<p>Se realiz\u00f3 la Jornada de Propiedad Horizontal el 21 de agosto en la Delegaci\u00f3n San Isidro del Colegio de Escribanos de la Provincia de Buenos Aires.<\/p>\n\n\n\n<p>El evento se efectu\u00f3 a partir del convenio de colaboraci\u00f3n formalizado entre el Centro de Mediaci\u00f3n del Colegio y la C\u00e1mara Argentina de propiedad horizontal.<\/p>\n\n\n\n<p>El disertante fue el se\u00f1or Alonso G\u00f3mez.<\/p>\n\n\n\n<p><\/p>\n","protected":false},"excerpt":{"rendered":"<p>Se realiz\u00f3 la Jornada de Propiedad Horizontal el 21 de agosto en la Delegaci\u00f3n San Isidro del Colegio de Escribanos de la Provincia de Buenos Aires. El evento se efectu\u00f3 a partir del convenio de colaboraci\u00f3n formalizado entre el Centro de Mediaci\u00f3n del Colegio y la C\u00e1mara Argentina de propiedad horizontal. El disertante fue el [&hellip;]<\/p>\n","protected":false},"author":10,"featured_media":57669,"comment_status":"closed","ping_status":"closed","sticky":false,"template":"","format":"standard","meta":{"footnotes":""},"categories":[91],"tags":[],"noticias":[],"class_list":["post-57668","post","type-post","status-publish","format-standard","has-post-thumbnail","hentry","category-centro-institucional-de-mediacion"],"acf":[],"_links":{"self":[{"href":"https:\/\/www.colescba.org.ar\/portal\/wp-json\/wp\/v2\/posts\/57668","targetHints":{"allow":["GET"]}}],"collection":[{"href":"https:\/\/www.colescba.org.ar\/portal\/wp-json\/wp\/v2\/posts"}],"about":[{"href":"https:\/\/www.colescba.org.ar\/portal\/wp-json\/wp\/v2\/types\/post"}],"author":[{"embeddable":true,"href":"https:\/\/www.colescba.org.ar\/portal\/wp-json\/wp\/v2\/users\/10"}],"replies":[{"embeddable":true,"href":"https:\/\/www.colescba.org.ar\/portal\/wp-json\/wp\/v2\/comments?post=57668"}],"version-history":[{"count":1,"href":"https:\/\/www.colescba.org.ar\/portal\/wp-json\/wp\/v2\/posts\/57668\/revisions"}],"predecessor-version":[{"id":57670,"href":"https:\/\/www.colescba.org.ar\/portal\/wp-json\/wp\/v2\/posts\/57668\/revisions\/57670"}],"wp:featuredmedia":[{"embeddable":true,"href":"https:\/\/www.colescba.org.ar\/portal\/wp-json\/wp\/v2\/media\/57669"}],"wp:attachment":[{"href":"https:\/\/www.colescba.org.ar\/portal\/wp-json\/wp\/v2\/media?parent=57668"}],"wp:term":[{"taxonomy":"category","embeddable":true,"href":"https:\/\/www.colescba.org.ar\/portal\/wp-json\/wp\/v2\/categories?post=57668"},{"taxonomy":"post_tag","embeddable":true,"href":"https:\/\/www.colescba.org.ar\/portal\/wp-json\/wp\/v2\/tags?post=57668"},{"taxonomy":"noticias","embeddable":true,"href":"https:\/\/www.colescba.org.ar\/portal\/wp-json\/wp\/v2\/noticias?post=57668"}],"curies":[{"name":"wp","href":"https:\/\/api.w.org\/{rel}","templated":true}]}}