{"id":57795,"date":"2025-08-25T12:24:04","date_gmt":"2025-08-25T15:24:04","guid":{"rendered":"https:\/\/www.colescba.org.ar\/portal\/?p=57795"},"modified":"2025-08-25T12:24:04","modified_gmt":"2025-08-25T15:24:04","slug":"xxx-jornadas-nacionales-de-derecho-civil-en-la-unne","status":"publish","type":"post","link":"https:\/\/www.colescba.org.ar\/portal\/novedades\/xxx-jornadas-nacionales-de-derecho-civil-en-la-unne-25-08-2025","title":{"rendered":"XXX Jornadas Nacionales de Derecho Civil en la UNNE"},"content":{"rendered":"\n<p>Las XXX Jornadas Nacionales de Derecho Civil, el encuentro acad\u00e9mico m\u00e1s trascendente del pa\u00eds en materia de Derecho Privado, se llevar\u00e1n a cabo del 25 al 27 de septiembre de 2025 en la Universidad Nacional del Nordeste (UNNE), en Corrientes.<\/p>\n\n\n\n<p>En esta edici\u00f3n, organizada por la Facultad de Derecho y Ciencias Sociales y Pol\u00edticas de la UNNE, se rendir\u00e1 homenaje a los profesores Edgardo I. Saux, Carlos Clerc y Juan Carlos Palmero, y se recordar\u00e1 \u201cin memoriam\u201d a los destacados juristas C\u00e9sar A. Abelenda, Antonio J. Rinessi y Lisandro Segovia.<\/p>\n\n\n\n<p>La convocatoria adquiere especial relevancia al coincidir con la conmemoraci\u00f3n de los 10 a\u00f1os de vigencia del C\u00f3digo Civil y Comercial de la Naci\u00f3n, hecho que marca un hito en la evoluci\u00f3n del Derecho argentino.<\/p>\n\n\n\n<p>Desde su primera edici\u00f3n en 1963 en la Universidad Nacional del Litoral, las Jornadas se celebran cada dos a\u00f1os, constituyendo un espacio \u00fanico donde se debaten las problem\u00e1ticas centrales del Derecho Civil.<\/p>\n\n\n\n<p>A lo largo de su historia, han reunido a los juristas m\u00e1s prestigiosos del pa\u00eds, generando una \u201cdoctrina\u201d que en muchas ocasiones se transforma en nuevas l\u00edneas de pensamiento jur\u00eddico.<\/p>\n\n\n\n<p>Quienes deseen obtener m\u00e1s informaci\u00f3n sobre la convocatoria pueden hacerlo ingresando <a href=\"https:\/\/www.dch.unne.edu.ar\/jndc\/\">aqu\u00ed<\/a>.<\/p>\n\n\n\n<p><br><\/p>\n\n\n\n<p class=\"has-small-font-size\"><\/p>\n\n\n\n<p><\/p>\n","protected":false},"excerpt":{"rendered":"<p>Las XXX Jornadas Nacionales de Derecho Civil, el encuentro acad\u00e9mico m\u00e1s trascendente del pa\u00eds en materia de Derecho Privado, se llevar\u00e1n a cabo del 25 al 27 de septiembre de 2025 en la Universidad Nacional del Nordeste (UNNE), en Corrientes. En esta edici\u00f3n, organizada por la Facultad de Derecho y Ciencias Sociales y Pol\u00edticas de [&hellip;]<\/p>\n","protected":false},"author":10,"featured_media":57796,"comment_status":"closed","ping_status":"closed","sticky":false,"template":"","format":"standard","meta":{"footnotes":""},"categories":[87,10],"tags":[],"noticias":[],"class_list":["post-57795","post","type-post","status-publish","format-standard","has-post-thumbnail","hentry","category-noticias","category-novedades"],"acf":[],"_links":{"self":[{"href":"https:\/\/www.colescba.org.ar\/portal\/wp-json\/wp\/v2\/posts\/57795","targetHints":{"allow":["GET"]}}],"collection":[{"href":"https:\/\/www.colescba.org.ar\/portal\/wp-json\/wp\/v2\/posts"}],"about":[{"href":"https:\/\/www.colescba.org.ar\/portal\/wp-json\/wp\/v2\/types\/post"}],"author":[{"embeddable":true,"href":"https:\/\/www.colescba.org.ar\/portal\/wp-json\/wp\/v2\/users\/10"}],"replies":[{"embeddable":true,"href":"https:\/\/www.colescba.org.ar\/portal\/wp-json\/wp\/v2\/comments?post=57795"}],"version-history":[{"count":2,"href":"https:\/\/www.colescba.org.ar\/portal\/wp-json\/wp\/v2\/posts\/57795\/revisions"}],"predecessor-version":[{"id":57798,"href":"https:\/\/www.colescba.org.ar\/portal\/wp-json\/wp\/v2\/posts\/57795\/revisions\/57798"}],"wp:featuredmedia":[{"embeddable":true,"href":"https:\/\/www.colescba.org.ar\/portal\/wp-json\/wp\/v2\/media\/57796"}],"wp:attachment":[{"href":"https:\/\/www.colescba.org.ar\/portal\/wp-json\/wp\/v2\/media?parent=57795"}],"wp:term":[{"taxonomy":"category","embeddable":true,"href":"https:\/\/www.colescba.org.ar\/portal\/wp-json\/wp\/v2\/categories?post=57795"},{"taxonomy":"post_tag","embeddable":true,"href":"https:\/\/www.colescba.org.ar\/portal\/wp-json\/wp\/v2\/tags?post=57795"},{"taxonomy":"noticias","embeddable":true,"href":"https:\/\/www.colescba.org.ar\/portal\/wp-json\/wp\/v2\/noticias?post=57795"}],"curies":[{"name":"wp","href":"https:\/\/api.w.org\/{rel}","templated":true}]}}