{"id":57896,"date":"2025-08-29T12:01:15","date_gmt":"2025-08-29T15:01:15","guid":{"rendered":"https:\/\/www.colescba.org.ar\/portal\/?p=57896"},"modified":"2025-08-29T12:01:15","modified_gmt":"2025-08-29T15:01:15","slug":"taller-practico-sobre-la-disposicion-306-2025-de-la-ddpj","status":"publish","type":"post","link":"https:\/\/www.colescba.org.ar\/portal\/novedades\/taller-practico-sobre-la-disposicion-306-2025-de-la-ddpj-29-08-2025","title":{"rendered":"Taller Pr\u00e1ctico sobre la Disposici\u00f3n 306\/2025 de la DDPJ"},"content":{"rendered":"\n<p>El d\u00eda 27 de agosto, en la sede de la Delegaci\u00f3n, se llev\u00f3 a cabo el Taller Pr\u00e1ctico sobre la Disposici\u00f3n 306\/2025 de la Direcci\u00f3n Provincial de Personas Jur\u00eddicas. <\/p>\n\n\n\n<p>La disertaci\u00f3n estuvo a cargo del notario Esteban Ebrecht, integrante de la Comisi\u00f3n de Personas Jur\u00eddicas\u00a0con la Coordinaci\u00f3n del notario Patricio Tom\u00e1s Street integrante de la Comisi\u00f3n de Seguros.<\/p>\n\n\n\n<p><br><\/p>\n\n\n\n<p><\/p>\n","protected":false},"excerpt":{"rendered":"<p>El d\u00eda 27 de agosto, en la sede de la Delegaci\u00f3n, se llev\u00f3 a cabo el Taller Pr\u00e1ctico sobre la Disposici\u00f3n 306\/2025 de la Direcci\u00f3n Provincial de Personas Jur\u00eddicas. La disertaci\u00f3n estuvo a cargo del notario Esteban Ebrecht, integrante de la Comisi\u00f3n de Personas Jur\u00eddicas\u00a0con la Coordinaci\u00f3n del notario Patricio Tom\u00e1s Street integrante de la [&hellip;]<\/p>\n","protected":false},"author":10,"featured_media":57897,"comment_status":"closed","ping_status":"closed","sticky":false,"template":"","format":"standard","meta":{"footnotes":""},"categories":[33,59,10,71,49],"tags":[],"noticias":[],"class_list":["post-57896","post","type-post","status-publish","format-standard","has-post-thumbnail","hentry","category-novedades-delegaciones","category-agenda-delegaciones","category-novedades","category-agenda-pergamino","category-pergamino"],"acf":[],"_links":{"self":[{"href":"https:\/\/www.colescba.org.ar\/portal\/wp-json\/wp\/v2\/posts\/57896","targetHints":{"allow":["GET"]}}],"collection":[{"href":"https:\/\/www.colescba.org.ar\/portal\/wp-json\/wp\/v2\/posts"}],"about":[{"href":"https:\/\/www.colescba.org.ar\/portal\/wp-json\/wp\/v2\/types\/post"}],"author":[{"embeddable":true,"href":"https:\/\/www.colescba.org.ar\/portal\/wp-json\/wp\/v2\/users\/10"}],"replies":[{"embeddable":true,"href":"https:\/\/www.colescba.org.ar\/portal\/wp-json\/wp\/v2\/comments?post=57896"}],"version-history":[{"count":1,"href":"https:\/\/www.colescba.org.ar\/portal\/wp-json\/wp\/v2\/posts\/57896\/revisions"}],"predecessor-version":[{"id":57898,"href":"https:\/\/www.colescba.org.ar\/portal\/wp-json\/wp\/v2\/posts\/57896\/revisions\/57898"}],"wp:featuredmedia":[{"embeddable":true,"href":"https:\/\/www.colescba.org.ar\/portal\/wp-json\/wp\/v2\/media\/57897"}],"wp:attachment":[{"href":"https:\/\/www.colescba.org.ar\/portal\/wp-json\/wp\/v2\/media?parent=57896"}],"wp:term":[{"taxonomy":"category","embeddable":true,"href":"https:\/\/www.colescba.org.ar\/portal\/wp-json\/wp\/v2\/categories?post=57896"},{"taxonomy":"post_tag","embeddable":true,"href":"https:\/\/www.colescba.org.ar\/portal\/wp-json\/wp\/v2\/tags?post=57896"},{"taxonomy":"noticias","embeddable":true,"href":"https:\/\/www.colescba.org.ar\/portal\/wp-json\/wp\/v2\/noticias?post=57896"}],"curies":[{"name":"wp","href":"https:\/\/api.w.org\/{rel}","templated":true}]}}