{"id":57908,"date":"2025-08-29T15:30:00","date_gmt":"2025-08-29T18:30:00","guid":{"rendered":"https:\/\/www.colescba.org.ar\/portal\/?p=57908"},"modified":"2025-08-29T18:10:00","modified_gmt":"2025-08-29T21:10:00","slug":"el-consejo-directivo-desarrollo-una-nueva-sesion-de-trabajo","status":"publish","type":"post","link":"https:\/\/www.colescba.org.ar\/portal\/novedades\/el-consejo-directivo-desarrollo-una-nueva-sesion-de-trabajo-29-08-2025","title":{"rendered":"El Consejo Directivo desarroll\u00f3 una nueva sesi\u00f3n de trabajo"},"content":{"rendered":"\n<p>El Consejo Directivo del Colegio celebr\u00f3 una nueva sesi\u00f3n el viernes 29 de agosto, en la que se abordaron diversos temas de gesti\u00f3n institucional contemplados en el orden del d\u00eda.<\/p>\n\n\n\n<p>Luego del inicio de la sesi\u00f3n, el Presidente inform\u00f3 sobre los avances respecto de la firma de convenios con distintos colegios notariales del pa\u00eds para la implementaci\u00f3n de la plataforma E-Notariado, desarrollada por nuestro Colegio.<\/p>\n\n\n\n<p>Asimismo, se reconoci\u00f3 la labor de los actores que hicieron posible este proyecto durante el \u00faltimo a\u00f1o, en especial a los equipos de los sectores de Comunicaciones e Inform\u00e1tica.&nbsp;<\/p>\n\n\n\n<p>Tambi\u00e9n brindaron palabras alusivas los notarios Santiago Scattolini, Agust\u00edn S\u00e1enz, Andr\u00e9s Mart\u00ednez; y Walter Schmidt y Sebasti\u00e1n Lasalle, integrantes del Instituto de Documentaci\u00f3n Digital, junto con la Gerente de Inform\u00e1tica, M\u00f3nica Villarruel, quienes destacaron el valor de esta herramienta en la modernizaci\u00f3n de la actividad notarial.<\/p>\n\n\n\n<p>Seguidamente, continuando con el desarrollo de la sesi\u00f3n, el Consejo Directivo aval\u00f3 por unanimidad la lista \u00abUnidad Federal\u00bb que encabeza el escribano Diego Leandro Molina para su reelecci\u00f3n a la presidencia del Consejo Federal del Notariado Argentino para el per\u00edodo 2025-2027.<\/p>\n\n\n\n<p>El Not. Guillermo Longhi tambi\u00e9n inform\u00f3 las principales actividades desarrolladas en el \u00faltimo mes, entre ellas los encuentros con autoridades judiciales, profesionales y gubernamentales.<\/p>\n\n\n\n<p>Se destac\u00f3 la reuni\u00f3n mantenida con el Presidente de la C\u00e1mara Federal de Apelaciones de Mar del Plata, Dr. Alejandro Tazza; la participaci\u00f3n en los actos por el 70\u00ba aniversario de la Asociaci\u00f3n de Jubilados y Pensionados Notariales tanto en la sede central como en la Delegaci\u00f3n Mar del Plata; el encuentro con el Ministro de Justicia y Derechos Humanos de la Provincia, Dr. Juan Mart\u00edn Mena; y la presencia institucional en la Expo Atlantic Real Estate en Mar del Plata.<\/p>\n\n\n\n<p>Asimismo, se present\u00f3 un informe sobre la II Asamblea Ordinaria del Consejo Federal del Notariado Argentino realizada en C\u00f3rdoba, y sobre la suscripci\u00f3n del convenio de colaboraci\u00f3n tecnol\u00f3gica con el Colegio de Escribanos de La Pampa.<\/p>\n\n\n\n<p>Desde el \u00e1rea de la Vicepresidencia Primera, Maximiliano Molina comparti\u00f3 el informe elaborado por Catalina Malara en su car\u00e1cter de Delegada Novel Provincial ante el Consejo Federal del Notariado Argentino, donde se expusieron las actividades recientes de la Comisi\u00f3n de Noveles.<\/p>\n\n\n\n<p>Por su parte, la Vicepresidencia Segunda, Sabina Podrez Yaniz, present\u00f3 los informes de los consejeros generales de la Uni\u00f3n Internacional del Notariado (UINL) y detall\u00f3 la participaci\u00f3n institucional en la 114\u00ba Sesi\u00f3n Plenaria de la Comisi\u00f3n de Asuntos Americanos (CAAm), realizada en Lima, Per\u00fa.&nbsp;<\/p>\n\n\n\n<p>Tambi\u00e9n se brindaron actualizaciones sobre las reuniones preparatorias de la 35\u00ba Jornada Notarial Argentina, a desarrollarse en Pilar en octubre, y se inform\u00f3 acerca de las capacitaciones organizadas en conjunto con la Universidad Notarial Argentina.<\/p>\n\n\n\n<p>Adem\u00e1s, se anunci\u00f3 la realizaci\u00f3n de un curso intensivo para notarios aspirantes a integrar registros de regularizaci\u00f3n dominial, en coordinaci\u00f3n con la Subsecretar\u00eda de H\u00e1bitat de la Comunidad, y se aprob\u00f3 la participaci\u00f3n de representantes del Colegio en las XXX Jornadas Nacionales de Derecho Civil que se llevar\u00e1n a cabo en Corrientes en septiembre.<\/p>\n\n\n\n<p>En tanto, desde la Secretar\u00eda de Gobierno, a cargo de Carina P\u00e9rez Lozano, se present\u00f3 un informe de la reuni\u00f3n mantenida con autoridades del Registro de la Propiedad Inmueble y un balance sobre las capacitaciones realizadas en delegaciones respecto de la Resoluci\u00f3n 306\/2025 de la Direcci\u00f3n Provincial de Personas Jur\u00eddicas.<\/p>\n\n\n\n<p>Luego se continu\u00f3 con el tratamiento del resto de los temas contemplados en el orden del d\u00eda quedando establecida la pr\u00f3xima sesi\u00f3n para el 26 de septiembre.<\/p>\n\n\n\n<p><\/p>\n\n\n\n<p><br><\/p>\n","protected":false},"excerpt":{"rendered":"<p>El Consejo Directivo del Colegio celebr\u00f3 una nueva sesi\u00f3n el viernes 29 de agosto, en la que se abordaron diversos temas de gesti\u00f3n institucional contemplados en el orden del d\u00eda. Luego del inicio de la sesi\u00f3n, el Presidente inform\u00f3 sobre los avances respecto de la firma de convenios con distintos colegios notariales del pa\u00eds para [&hellip;]<\/p>\n","protected":false},"author":10,"featured_media":57910,"comment_status":"closed","ping_status":"closed","sticky":false,"template":"","format":"standard","meta":{"footnotes":""},"categories":[87,10],"tags":[],"noticias":[],"class_list":["post-57908","post","type-post","status-publish","format-standard","has-post-thumbnail","hentry","category-noticias","category-novedades"],"acf":[],"_links":{"self":[{"href":"https:\/\/www.colescba.org.ar\/portal\/wp-json\/wp\/v2\/posts\/57908","targetHints":{"allow":["GET"]}}],"collection":[{"href":"https:\/\/www.colescba.org.ar\/portal\/wp-json\/wp\/v2\/posts"}],"about":[{"href":"https:\/\/www.colescba.org.ar\/portal\/wp-json\/wp\/v2\/types\/post"}],"author":[{"embeddable":true,"href":"https:\/\/www.colescba.org.ar\/portal\/wp-json\/wp\/v2\/users\/10"}],"replies":[{"embeddable":true,"href":"https:\/\/www.colescba.org.ar\/portal\/wp-json\/wp\/v2\/comments?post=57908"}],"version-history":[{"count":4,"href":"https:\/\/www.colescba.org.ar\/portal\/wp-json\/wp\/v2\/posts\/57908\/revisions"}],"predecessor-version":[{"id":57958,"href":"https:\/\/www.colescba.org.ar\/portal\/wp-json\/wp\/v2\/posts\/57908\/revisions\/57958"}],"wp:featuredmedia":[{"embeddable":true,"href":"https:\/\/www.colescba.org.ar\/portal\/wp-json\/wp\/v2\/media\/57910"}],"wp:attachment":[{"href":"https:\/\/www.colescba.org.ar\/portal\/wp-json\/wp\/v2\/media?parent=57908"}],"wp:term":[{"taxonomy":"category","embeddable":true,"href":"https:\/\/www.colescba.org.ar\/portal\/wp-json\/wp\/v2\/categories?post=57908"},{"taxonomy":"post_tag","embeddable":true,"href":"https:\/\/www.colescba.org.ar\/portal\/wp-json\/wp\/v2\/tags?post=57908"},{"taxonomy":"noticias","embeddable":true,"href":"https:\/\/www.colescba.org.ar\/portal\/wp-json\/wp\/v2\/noticias?post=57908"}],"curies":[{"name":"wp","href":"https:\/\/api.w.org\/{rel}","templated":true}]}}