{"id":57912,"date":"2025-08-29T13:28:24","date_gmt":"2025-08-29T16:28:24","guid":{"rendered":"https:\/\/www.colescba.org.ar\/portal\/?p=57912"},"modified":"2025-08-29T13:28:25","modified_gmt":"2025-08-29T16:28:25","slug":"visita-institucional-del-vicepresidente-del-colegio-de-escribanos-de-santa-fe-2a-circunscripcion","status":"publish","type":"post","link":"https:\/\/www.colescba.org.ar\/portal\/novedades\/visita-institucional-del-vicepresidente-del-colegio-de-escribanos-de-santa-fe-2a-circunscripcion-29-08-2025","title":{"rendered":"Visita institucional del Vicepresidente del Colegio de Escribanos de Santa Fe, 2\u00aa Circunscripci\u00f3n"},"content":{"rendered":"\n<p>El viernes 29 de agosto, en horas de la ma\u00f1ana, el Vicepresidente del Colegio de Escribanos de la Provincia de Santa Fe, 2\u00aa Circunscripci\u00f3n, Gustavo Rub\u00e9n Dimo, realiz\u00f3 una visita institucional a la sede del Colegio de Escribanos de la Provincia de Buenos Aires.<\/p>\n\n\n\n<p>El Vicepresidente de la entidad rosarina fue recibido por el Consejo Directivo del Colegio, encabezado por su Presidente, Guillermo Longhi. Posteriormente, Longhi y Dimo mantuvieron una reuni\u00f3n en la que compartieron experiencias e intercambiaron puntos de vista sobre las particularidades y desaf\u00edos que atraviesan ambas jurisdicciones.<\/p>\n\n\n\n<p>La visita se desarroll\u00f3 en un clima de cordialidad y cooperaci\u00f3n, destac\u00e1ndose la importancia de mantener v\u00ednculos estrechos entre los colegios notariales del pa\u00eds.&nbsp;<\/p>\n\n\n\n<p>Estas instancias de encuentro refuerzan el compromiso compartido de trabajar de manera conjunta en beneficio de la profesi\u00f3n y en pos del fortalecimiento institucional del notariado argentino.<\/p>\n\n\n\n<p><\/p>\n\n\n\n<p><br><\/p>\n","protected":false},"excerpt":{"rendered":"<p>El viernes 29 de agosto, en horas de la ma\u00f1ana, el Vicepresidente del Colegio de Escribanos de la Provincia de Santa Fe, 2\u00aa Circunscripci\u00f3n, Gustavo Rub\u00e9n Dimo, realiz\u00f3 una visita institucional a la sede del Colegio de Escribanos de la Provincia de Buenos Aires. El Vicepresidente de la entidad rosarina fue recibido por el Consejo [&hellip;]<\/p>\n","protected":false},"author":10,"featured_media":57913,"comment_status":"closed","ping_status":"closed","sticky":false,"template":"","format":"standard","meta":{"footnotes":""},"categories":[87,10],"tags":[],"noticias":[],"class_list":["post-57912","post","type-post","status-publish","format-standard","has-post-thumbnail","hentry","category-noticias","category-novedades"],"acf":[],"_links":{"self":[{"href":"https:\/\/www.colescba.org.ar\/portal\/wp-json\/wp\/v2\/posts\/57912","targetHints":{"allow":["GET"]}}],"collection":[{"href":"https:\/\/www.colescba.org.ar\/portal\/wp-json\/wp\/v2\/posts"}],"about":[{"href":"https:\/\/www.colescba.org.ar\/portal\/wp-json\/wp\/v2\/types\/post"}],"author":[{"embeddable":true,"href":"https:\/\/www.colescba.org.ar\/portal\/wp-json\/wp\/v2\/users\/10"}],"replies":[{"embeddable":true,"href":"https:\/\/www.colescba.org.ar\/portal\/wp-json\/wp\/v2\/comments?post=57912"}],"version-history":[{"count":3,"href":"https:\/\/www.colescba.org.ar\/portal\/wp-json\/wp\/v2\/posts\/57912\/revisions"}],"predecessor-version":[{"id":57929,"href":"https:\/\/www.colescba.org.ar\/portal\/wp-json\/wp\/v2\/posts\/57912\/revisions\/57929"}],"wp:featuredmedia":[{"embeddable":true,"href":"https:\/\/www.colescba.org.ar\/portal\/wp-json\/wp\/v2\/media\/57913"}],"wp:attachment":[{"href":"https:\/\/www.colescba.org.ar\/portal\/wp-json\/wp\/v2\/media?parent=57912"}],"wp:term":[{"taxonomy":"category","embeddable":true,"href":"https:\/\/www.colescba.org.ar\/portal\/wp-json\/wp\/v2\/categories?post=57912"},{"taxonomy":"post_tag","embeddable":true,"href":"https:\/\/www.colescba.org.ar\/portal\/wp-json\/wp\/v2\/tags?post=57912"},{"taxonomy":"noticias","embeddable":true,"href":"https:\/\/www.colescba.org.ar\/portal\/wp-json\/wp\/v2\/noticias?post=57912"}],"curies":[{"name":"wp","href":"https:\/\/api.w.org\/{rel}","templated":true}]}}