{"id":57993,"date":"2025-09-01T14:41:46","date_gmt":"2025-09-01T17:41:46","guid":{"rendered":"https:\/\/www.colescba.org.ar\/portal\/?p=57993"},"modified":"2025-09-02T12:21:40","modified_gmt":"2025-09-02T15:21:40","slug":"el-colegio-de-escribanos-y-el-registro-de-la-propiedad-recibieron-la-visita-de-funcionarios-registrales-hondurenos","status":"publish","type":"post","link":"https:\/\/www.colescba.org.ar\/portal\/novedades\/el-colegio-de-escribanos-y-el-registro-de-la-propiedad-recibieron-la-visita-de-funcionarios-registrales-hondurenos-01-09-2025","title":{"rendered":"El Colegio de Escribanos y el Registro de la Propiedad recibieron la visita de funcionarios registrales hondure\u00f1os"},"content":{"rendered":"\n<p>El lunes 1 de septiembre, en horas del mediod\u00eda, una comitiva de funcionarios del Instituto de la Propiedad del Gobierno de la Rep\u00fablica de Honduras visit\u00f3 el Colegio y fueron recibidos por autoridades de la entidad anfitriona y del Registro de la Propiedad bonaerense.<\/p>\n\n\n\n<p>La jornada comenz\u00f3 con un recorrido por las instalaciones de la sede del Colegio, donde los visitantes pudieron conocer de cerca el funcionamiento de la instituci\u00f3n y el alcance de sus servicios.<\/p>\n\n\n\n<p>Posteriormente, se comparti\u00f3 un almuerzo de camarader\u00eda, ocasi\u00f3n en la que se intercambiaron experiencias y visiones sobre el rol de los registros y los desaf\u00edos que enfrentan en Am\u00e9rica Latina.<\/p>\n\n\n\n<p>El encuentro result\u00f3 una oportunidad valiosa para estrechar lazos institucionales y fortalecer la cooperaci\u00f3n regional, destac\u00e1ndose la importancia de generar instancias de trabajo conjunto que permitan mostrar el desarrollo, la organizaci\u00f3n y el compromiso del notariado a funcionarios de otros pa\u00edses del continente.<\/p>\n\n\n\n<p>En representaci\u00f3n del Colegio participaron el Presidente, Guillermo Longhi; la Secretaria de Gobierno, Carina P\u00e9rez Lozano; y el Secretario de Administraci\u00f3n, Francisco Barreto Peltzer.<\/p>\n\n\n\n<p>Tambi\u00e9n estuvo presente por el Registro de la Propiedad bonaerense su Director Provincial, Ariel Rond\u00e1n Piacenti, y el Director T\u00e9cnico, Abog Jorge Seit.<\/p>\n\n\n\n<p>La delegaci\u00f3n hondure\u00f1a estuvo integrada por el Abog. Allan Caraccioli, Director del Despacho de Secretar\u00eda Ejecutiva; el Abog. Juan Carlos Mej\u00eda Coto, Superintendente de Recursos; la Abog. Ber\u00f3nica Moncada, Inspectora general; el Abog. Bryan Villela, Asesor Legal de la Secretar\u00eda Ejecutiva; y el Ing. Edgar Ra\u00fal Valladares, Director General del Catastro Nacional.<\/p>\n\n\n\n<p>Desde el Colegio y el Registro de la Propiedad bonaerenses se destac\u00f3 el valor de este encuentro, que permiti\u00f3 compartir conocimientos y experiencias en un clima de cordialidad, reafirmando la importancia de sostener v\u00ednculos institucionales con los registros de Am\u00e9rica.<\/p>\n\n\n\n<p><br><\/p>\n\n\n\n<p><\/p>\n","protected":false},"excerpt":{"rendered":"<p>El lunes 1 de septiembre, en horas del mediod\u00eda, una comitiva de funcionarios del Instituto de la Propiedad del Gobierno de la Rep\u00fablica de Honduras visit\u00f3 el Colegio y fueron recibidos por autoridades de la entidad anfitriona y del Registro de la Propiedad bonaerense. La jornada comenz\u00f3 con un recorrido por las instalaciones de la [&hellip;]<\/p>\n","protected":false},"author":10,"featured_media":57994,"comment_status":"closed","ping_status":"closed","sticky":false,"template":"","format":"standard","meta":{"footnotes":""},"categories":[87,10],"tags":[],"noticias":[],"class_list":["post-57993","post","type-post","status-publish","format-standard","has-post-thumbnail","hentry","category-noticias","category-novedades"],"acf":[],"_links":{"self":[{"href":"https:\/\/www.colescba.org.ar\/portal\/wp-json\/wp\/v2\/posts\/57993","targetHints":{"allow":["GET"]}}],"collection":[{"href":"https:\/\/www.colescba.org.ar\/portal\/wp-json\/wp\/v2\/posts"}],"about":[{"href":"https:\/\/www.colescba.org.ar\/portal\/wp-json\/wp\/v2\/types\/post"}],"author":[{"embeddable":true,"href":"https:\/\/www.colescba.org.ar\/portal\/wp-json\/wp\/v2\/users\/10"}],"replies":[{"embeddable":true,"href":"https:\/\/www.colescba.org.ar\/portal\/wp-json\/wp\/v2\/comments?post=57993"}],"version-history":[{"count":2,"href":"https:\/\/www.colescba.org.ar\/portal\/wp-json\/wp\/v2\/posts\/57993\/revisions"}],"predecessor-version":[{"id":57997,"href":"https:\/\/www.colescba.org.ar\/portal\/wp-json\/wp\/v2\/posts\/57993\/revisions\/57997"}],"wp:featuredmedia":[{"embeddable":true,"href":"https:\/\/www.colescba.org.ar\/portal\/wp-json\/wp\/v2\/media\/57994"}],"wp:attachment":[{"href":"https:\/\/www.colescba.org.ar\/portal\/wp-json\/wp\/v2\/media?parent=57993"}],"wp:term":[{"taxonomy":"category","embeddable":true,"href":"https:\/\/www.colescba.org.ar\/portal\/wp-json\/wp\/v2\/categories?post=57993"},{"taxonomy":"post_tag","embeddable":true,"href":"https:\/\/www.colescba.org.ar\/portal\/wp-json\/wp\/v2\/tags?post=57993"},{"taxonomy":"noticias","embeddable":true,"href":"https:\/\/www.colescba.org.ar\/portal\/wp-json\/wp\/v2\/noticias?post=57993"}],"curies":[{"name":"wp","href":"https:\/\/api.w.org\/{rel}","templated":true}]}}