{"id":60271,"date":"2025-12-04T12:24:38","date_gmt":"2025-12-04T15:24:38","guid":{"rendered":"https:\/\/www.colescba.org.ar\/portal\/?p=60271"},"modified":"2025-12-04T12:24:38","modified_gmt":"2025-12-04T15:24:38","slug":"el-procurador-general-fue-recibido-por-el-presidente-del-colegio-en-el-marco-del-5-encuentro-sobre-salud-mental-y-jovenes","status":"publish","type":"post","link":"https:\/\/www.colescba.org.ar\/portal\/novedades\/el-procurador-general-fue-recibido-por-el-presidente-del-colegio-en-el-marco-del-5-encuentro-sobre-salud-mental-y-jovenes-04-12-2025","title":{"rendered":"El Procurador General fue recibido por el Presidente del Colegio en el marco del 5\u00b0 Encuentro sobre Salud Mental y J\u00f3venes"},"content":{"rendered":"\n<p>En el marco de la realizaci\u00f3n del 5\u00b0 Encuentro \u201cLa rehumanizaci\u00f3n de los sistemas y los procesos, y el fortalecimiento institucional\u201d, el Presidente del Colegio de Escribanos de la Provincia de Buenos Aires, Guillermo Longhi, recibi\u00f3 en su despacho al Procurador General, Julio Conte-Grand, en una reuni\u00f3n institucional previa al inicio de la jornada.<\/p>\n\n\n\n<p>Durante el encuentro, ambas autoridades realizaron un repaso de las acciones desarrolladas en forma conjunta a lo largo de 2025, evaluando positivamente los resultados alcanzados y el fortalecimiento del trabajo articulado entre el Colegio y el Ministerio P\u00fablico de la Provincia de Buenos Aires.<\/p>\n\n\n\n<p>Asimismo, comenzaron a delinear las l\u00edneas de acci\u00f3n previstas para 2026, con el objetivo de continuar profundizando la cooperaci\u00f3n institucional y consolidar los v\u00ednculos interinstitucionales que permiten mejorar los servicios destinados a la comunidad.<\/p>\n\n\n\n<p>Tanto Longhi como Conte-Grand valoraron la predisposici\u00f3n y el compromiso sostenido que caracterizaron el trabajo conjunto durante este a\u00f1o, y reafirmaron la voluntad de continuar impulsando proyectos comunes en temas estrat\u00e9gicos para el desarrollo institucional de la provincia.<\/p>\n\n\n\n<p><\/p>\n","protected":false},"excerpt":{"rendered":"<p>En el marco de la realizaci\u00f3n del 5\u00b0 Encuentro \u201cLa rehumanizaci\u00f3n de los sistemas y los procesos, y el fortalecimiento institucional\u201d, el Presidente del Colegio de Escribanos de la Provincia de Buenos Aires, Guillermo Longhi, recibi\u00f3 en su despacho al Procurador General, Julio Conte-Grand, en una reuni\u00f3n institucional previa al inicio de la jornada. Durante [&hellip;]<\/p>\n","protected":false},"author":10,"featured_media":60272,"comment_status":"closed","ping_status":"closed","sticky":false,"template":"","format":"standard","meta":{"footnotes":""},"categories":[10],"tags":[],"noticias":[],"class_list":["post-60271","post","type-post","status-publish","format-standard","has-post-thumbnail","hentry","category-novedades"],"acf":[],"_links":{"self":[{"href":"https:\/\/www.colescba.org.ar\/portal\/wp-json\/wp\/v2\/posts\/60271","targetHints":{"allow":["GET"]}}],"collection":[{"href":"https:\/\/www.colescba.org.ar\/portal\/wp-json\/wp\/v2\/posts"}],"about":[{"href":"https:\/\/www.colescba.org.ar\/portal\/wp-json\/wp\/v2\/types\/post"}],"author":[{"embeddable":true,"href":"https:\/\/www.colescba.org.ar\/portal\/wp-json\/wp\/v2\/users\/10"}],"replies":[{"embeddable":true,"href":"https:\/\/www.colescba.org.ar\/portal\/wp-json\/wp\/v2\/comments?post=60271"}],"version-history":[{"count":1,"href":"https:\/\/www.colescba.org.ar\/portal\/wp-json\/wp\/v2\/posts\/60271\/revisions"}],"predecessor-version":[{"id":60273,"href":"https:\/\/www.colescba.org.ar\/portal\/wp-json\/wp\/v2\/posts\/60271\/revisions\/60273"}],"wp:featuredmedia":[{"embeddable":true,"href":"https:\/\/www.colescba.org.ar\/portal\/wp-json\/wp\/v2\/media\/60272"}],"wp:attachment":[{"href":"https:\/\/www.colescba.org.ar\/portal\/wp-json\/wp\/v2\/media?parent=60271"}],"wp:term":[{"taxonomy":"category","embeddable":true,"href":"https:\/\/www.colescba.org.ar\/portal\/wp-json\/wp\/v2\/categories?post=60271"},{"taxonomy":"post_tag","embeddable":true,"href":"https:\/\/www.colescba.org.ar\/portal\/wp-json\/wp\/v2\/tags?post=60271"},{"taxonomy":"noticias","embeddable":true,"href":"https:\/\/www.colescba.org.ar\/portal\/wp-json\/wp\/v2\/noticias?post=60271"}],"curies":[{"name":"wp","href":"https:\/\/api.w.org\/{rel}","templated":true}]}}