{"id":60998,"date":"2026-01-29T09:06:40","date_gmt":"2026-01-29T12:06:40","guid":{"rendered":"https:\/\/www.colescba.org.ar\/portal\/?p=60998"},"modified":"2026-01-29T09:06:40","modified_gmt":"2026-01-29T12:06:40","slug":"visita-institucional-a-la-delegacion-azul","status":"publish","type":"post","link":"https:\/\/www.colescba.org.ar\/portal\/novedades\/visita-institucional-a-la-delegacion-azul-29-01-2026","title":{"rendered":"Visita institucional a la Delegaci\u00f3n Azul"},"content":{"rendered":"\n<p>El mi\u00e9rcoles 28 de enero, el Presidente del Colegio, Guillermo Longhi, acompa\u00f1ado por el Protesorero, Santiago Scattolini, y personal de la instituci\u00f3n, realiz\u00f3 una visita institucional a la Delegaci\u00f3n Azul, donde fue recibido por los integrantes de su Junta Ejecutiva, encabezada por su Presidenta, Marcela Voiscovich.<br><\/p>\n\n\n\n<p>El encuentro se desarroll\u00f3 en el marco de las habituales reuniones institucionales y recorridas por las delegaciones que el Colegio viene llevando adelante en distintos puntos de la provincia, con el objetivo de fortalecer el v\u00ednculo con las estructuras locales y conocer de primera mano la realidad de cada demarcaci\u00f3n.<br><\/p>\n\n\n\n<p>Durante la reuni\u00f3n se abordaron en profundidad diversos temas de inter\u00e9s vinculados al ejercicio profesional, as\u00ed como tambi\u00e9n las necesidades particulares de la delegaci\u00f3n y las iniciativas en curso, reafirmando la importancia del trabajo articulado entre el nivel local y provincial.<br><\/p>\n\n\n\n<p>Estas instancias de encuentro y trabajo conjunto ratifican el compromiso de la actual gesti\u00f3n con una presencia activa en el territorio, el fortalecimiento institucional y la construcci\u00f3n colectiva de soluciones, consolidando una agenda com\u00fan que integre las demandas locales con los lineamientos provinciales, en beneficio del notariado de toda la provincia.<\/p>\n","protected":false},"excerpt":{"rendered":"<p>El mi\u00e9rcoles 28 de enero, el Presidente del Colegio, Guillermo Longhi, acompa\u00f1ado por el Protesorero, Santiago Scattolini, y personal de la instituci\u00f3n, realiz\u00f3 una visita institucional a la Delegaci\u00f3n Azul, donde fue recibido por los integrantes de su Junta Ejecutiva, encabezada por su Presidenta, Marcela Voiscovich. El encuentro se desarroll\u00f3 en el marco de las [&hellip;]<\/p>\n","protected":false},"author":10,"featured_media":61000,"comment_status":"closed","ping_status":"closed","sticky":false,"template":"","format":"standard","meta":{"footnotes":""},"categories":[10],"tags":[],"noticias":[],"class_list":["post-60998","post","type-post","status-publish","format-standard","has-post-thumbnail","hentry","category-novedades"],"acf":[],"_links":{"self":[{"href":"https:\/\/www.colescba.org.ar\/portal\/wp-json\/wp\/v2\/posts\/60998","targetHints":{"allow":["GET"]}}],"collection":[{"href":"https:\/\/www.colescba.org.ar\/portal\/wp-json\/wp\/v2\/posts"}],"about":[{"href":"https:\/\/www.colescba.org.ar\/portal\/wp-json\/wp\/v2\/types\/post"}],"author":[{"embeddable":true,"href":"https:\/\/www.colescba.org.ar\/portal\/wp-json\/wp\/v2\/users\/10"}],"replies":[{"embeddable":true,"href":"https:\/\/www.colescba.org.ar\/portal\/wp-json\/wp\/v2\/comments?post=60998"}],"version-history":[{"count":1,"href":"https:\/\/www.colescba.org.ar\/portal\/wp-json\/wp\/v2\/posts\/60998\/revisions"}],"predecessor-version":[{"id":61001,"href":"https:\/\/www.colescba.org.ar\/portal\/wp-json\/wp\/v2\/posts\/60998\/revisions\/61001"}],"wp:featuredmedia":[{"embeddable":true,"href":"https:\/\/www.colescba.org.ar\/portal\/wp-json\/wp\/v2\/media\/61000"}],"wp:attachment":[{"href":"https:\/\/www.colescba.org.ar\/portal\/wp-json\/wp\/v2\/media?parent=60998"}],"wp:term":[{"taxonomy":"category","embeddable":true,"href":"https:\/\/www.colescba.org.ar\/portal\/wp-json\/wp\/v2\/categories?post=60998"},{"taxonomy":"post_tag","embeddable":true,"href":"https:\/\/www.colescba.org.ar\/portal\/wp-json\/wp\/v2\/tags?post=60998"},{"taxonomy":"noticias","embeddable":true,"href":"https:\/\/www.colescba.org.ar\/portal\/wp-json\/wp\/v2\/noticias?post=60998"}],"curies":[{"name":"wp","href":"https:\/\/api.w.org\/{rel}","templated":true}]}}