{"id":61721,"date":"2026-03-06T13:35:40","date_gmt":"2026-03-06T16:35:40","guid":{"rendered":"https:\/\/www.colescba.org.ar\/portal\/?p=61721"},"modified":"2026-03-06T13:35:41","modified_gmt":"2026-03-06T16:35:41","slug":"aida-kemelmajer-de-carlucci-visito-el-colegio-en-el-marco-de-la-conmemoracion-del-dia-internacional-de-la-mujer","status":"publish","type":"post","link":"https:\/\/www.colescba.org.ar\/portal\/novedades\/aida-kemelmajer-de-carlucci-visito-el-colegio-en-el-marco-de-la-conmemoracion-del-dia-internacional-de-la-mujer-06-03-2026","title":{"rendered":"A\u00edda Kemelmajer de Carlucci visit\u00f3 el Colegio en el marco de la conmemoraci\u00f3n del D\u00eda Internacional de la Mujer"},"content":{"rendered":"\n<p>En el marco de las actividades organizadas por el Colegio con motivo del D\u00eda Internacional de la Mujer, el viernes 6 de marzo el Presidente de la instituci\u00f3n, Guillermo Longhi, recibi\u00f3 a la destacada jurista A\u00edda Kemelmajer de Carlucci.<\/p>\n\n\n\n<p>Previo al inicio del desayuno conmemorativo, la reconocida especialista fue recibida en Presidencia por las autoridades del Colegio, encabezadas por Longhi, junto al Vicepresidente 1\u00b0, Maximiliano Molina, y la Vicepresidente 2\u00b0, Sabina Podrez Yaniz, quienes le dieron la bienvenida y destacaron el honor que representa para la instituci\u00f3n contar con su presencia en una fecha de especial significado.<\/p>\n\n\n\n<p>La visita de Kemelmajer de Carlucci reviste particular relevancia por tratarse de una de las figuras m\u00e1s influyentes del derecho argentino contempor\u00e1neo. Exministra de la Suprema Corte de Justicia de Mendoza durante m\u00e1s de dos d\u00e9cadas, la jurista ha tenido un papel central en el desarrollo doctrinario y jurisprudencial del derecho civil y de familia, as\u00ed como en la modernizaci\u00f3n del sistema jur\u00eddico nacional.<\/p>\n\n\n\n<p>Entre sus aportes m\u00e1s destacados se encuentra su participaci\u00f3n como integrante de la Comisi\u00f3n Redactora del C\u00f3digo Civil y Comercial de la Naci\u00f3n Argentina, cuya entrada en vigencia en 2015 marc\u00f3 una profunda actualizaci\u00f3n del derecho privado argentino. Su trayectoria acad\u00e9mica y judicial la ha convertido, adem\u00e1s, en una referente indiscutida en materia de derechos humanos, perspectiva de g\u00e9nero y protecci\u00f3n de las personas vulnerables.<\/p>\n\n\n\n<p>En ese contexto, las autoridades del Colegio subrayaron la importancia de su presencia en el marco de la conmemoraci\u00f3n del D\u00eda Internacional de la Mujer, destacando su extensa trayectoria, su compromiso con la evoluci\u00f3n del derecho y su influencia en la formaci\u00f3n de generaciones de profesionales del \u00e1mbito jur\u00eddico.<\/p>\n","protected":false},"excerpt":{"rendered":"<p>En el marco de las actividades organizadas por el Colegio con motivo del D\u00eda Internacional de la Mujer, el viernes 6 de marzo el Presidente de la instituci\u00f3n, Guillermo Longhi, recibi\u00f3 a la destacada jurista A\u00edda Kemelmajer de Carlucci. Previo al inicio del desayuno conmemorativo, la reconocida especialista fue recibida en Presidencia por las autoridades [&hellip;]<\/p>\n","protected":false},"author":10,"featured_media":61722,"comment_status":"closed","ping_status":"closed","sticky":false,"template":"","format":"standard","meta":{"footnotes":""},"categories":[10],"tags":[],"noticias":[],"class_list":["post-61721","post","type-post","status-publish","format-standard","has-post-thumbnail","hentry","category-novedades"],"acf":[],"_links":{"self":[{"href":"https:\/\/www.colescba.org.ar\/portal\/wp-json\/wp\/v2\/posts\/61721","targetHints":{"allow":["GET"]}}],"collection":[{"href":"https:\/\/www.colescba.org.ar\/portal\/wp-json\/wp\/v2\/posts"}],"about":[{"href":"https:\/\/www.colescba.org.ar\/portal\/wp-json\/wp\/v2\/types\/post"}],"author":[{"embeddable":true,"href":"https:\/\/www.colescba.org.ar\/portal\/wp-json\/wp\/v2\/users\/10"}],"replies":[{"embeddable":true,"href":"https:\/\/www.colescba.org.ar\/portal\/wp-json\/wp\/v2\/comments?post=61721"}],"version-history":[{"count":1,"href":"https:\/\/www.colescba.org.ar\/portal\/wp-json\/wp\/v2\/posts\/61721\/revisions"}],"predecessor-version":[{"id":61723,"href":"https:\/\/www.colescba.org.ar\/portal\/wp-json\/wp\/v2\/posts\/61721\/revisions\/61723"}],"wp:featuredmedia":[{"embeddable":true,"href":"https:\/\/www.colescba.org.ar\/portal\/wp-json\/wp\/v2\/media\/61722"}],"wp:attachment":[{"href":"https:\/\/www.colescba.org.ar\/portal\/wp-json\/wp\/v2\/media?parent=61721"}],"wp:term":[{"taxonomy":"category","embeddable":true,"href":"https:\/\/www.colescba.org.ar\/portal\/wp-json\/wp\/v2\/categories?post=61721"},{"taxonomy":"post_tag","embeddable":true,"href":"https:\/\/www.colescba.org.ar\/portal\/wp-json\/wp\/v2\/tags?post=61721"},{"taxonomy":"noticias","embeddable":true,"href":"https:\/\/www.colescba.org.ar\/portal\/wp-json\/wp\/v2\/noticias?post=61721"}],"curies":[{"name":"wp","href":"https:\/\/api.w.org\/{rel}","templated":true}]}}