{"id":61958,"date":"2026-03-13T15:06:24","date_gmt":"2026-03-13T18:06:24","guid":{"rendered":"https:\/\/www.colescba.org.ar\/portal\/?p=61958"},"modified":"2026-03-13T15:06:35","modified_gmt":"2026-03-13T18:06:35","slug":"finalizo-el-curso-de-comunicacion-y-emociones","status":"publish","type":"post","link":"https:\/\/www.colescba.org.ar\/portal\/novedades\/centro-institucional-de-mediacion\/finalizo-el-curso-de-comunicacion-y-emociones-13-03-2026","title":{"rendered":"Finaliz\u00f3 el Curso de Comunicaci\u00f3n y Emociones"},"content":{"rendered":"\n<p>Se dio por finalizado el Curso de Comunicaci\u00f3n y Emociones, a cargo de la Esc. Cristina Garc\u00eda, que cont\u00f3 con 80 inscriptos interesados en seguir fortaleciendo herramientas vinculadas a la comunicaci\u00f3n y la gesti\u00f3n de las emociones.<br><\/p>\n\n\n\n<p>Agradecemos a todas las personas que participaron y acompa\u00f1aron esta propuesta. \ud83d\ude4c<br>\u00a1Nos reencontramos pronto con nuevas propuestas de formaci\u00f3n!<\/p>\n\n\n\n<p><\/p>\n","protected":false},"excerpt":{"rendered":"<p>Se dio por finalizado el Curso de Comunicaci\u00f3n y Emociones, a cargo de la Esc. Cristina Garc\u00eda, que cont\u00f3 con 80 inscriptos interesados en seguir fortaleciendo herramientas vinculadas a la comunicaci\u00f3n y la gesti\u00f3n de las emociones. Agradecemos a todas las personas que participaron y acompa\u00f1aron esta propuesta. \ud83d\ude4c\u00a1Nos reencontramos pronto con nuevas propuestas de [&hellip;]<\/p>\n","protected":false},"author":10,"featured_media":61959,"comment_status":"closed","ping_status":"closed","sticky":false,"template":"","format":"standard","meta":{"footnotes":""},"categories":[91],"tags":[],"noticias":[],"class_list":["post-61958","post","type-post","status-publish","format-standard","has-post-thumbnail","hentry","category-centro-institucional-de-mediacion"],"acf":[],"_links":{"self":[{"href":"https:\/\/www.colescba.org.ar\/portal\/wp-json\/wp\/v2\/posts\/61958","targetHints":{"allow":["GET"]}}],"collection":[{"href":"https:\/\/www.colescba.org.ar\/portal\/wp-json\/wp\/v2\/posts"}],"about":[{"href":"https:\/\/www.colescba.org.ar\/portal\/wp-json\/wp\/v2\/types\/post"}],"author":[{"embeddable":true,"href":"https:\/\/www.colescba.org.ar\/portal\/wp-json\/wp\/v2\/users\/10"}],"replies":[{"embeddable":true,"href":"https:\/\/www.colescba.org.ar\/portal\/wp-json\/wp\/v2\/comments?post=61958"}],"version-history":[{"count":2,"href":"https:\/\/www.colescba.org.ar\/portal\/wp-json\/wp\/v2\/posts\/61958\/revisions"}],"predecessor-version":[{"id":61961,"href":"https:\/\/www.colescba.org.ar\/portal\/wp-json\/wp\/v2\/posts\/61958\/revisions\/61961"}],"wp:featuredmedia":[{"embeddable":true,"href":"https:\/\/www.colescba.org.ar\/portal\/wp-json\/wp\/v2\/media\/61959"}],"wp:attachment":[{"href":"https:\/\/www.colescba.org.ar\/portal\/wp-json\/wp\/v2\/media?parent=61958"}],"wp:term":[{"taxonomy":"category","embeddable":true,"href":"https:\/\/www.colescba.org.ar\/portal\/wp-json\/wp\/v2\/categories?post=61958"},{"taxonomy":"post_tag","embeddable":true,"href":"https:\/\/www.colescba.org.ar\/portal\/wp-json\/wp\/v2\/tags?post=61958"},{"taxonomy":"noticias","embeddable":true,"href":"https:\/\/www.colescba.org.ar\/portal\/wp-json\/wp\/v2\/noticias?post=61958"}],"curies":[{"name":"wp","href":"https:\/\/api.w.org\/{rel}","templated":true}]}}