{"id":61962,"date":"2026-03-13T15:09:09","date_gmt":"2026-03-13T18:09:09","guid":{"rendered":"https:\/\/www.colescba.org.ar\/portal\/?p=61962"},"modified":"2026-03-13T15:09:09","modified_gmt":"2026-03-13T18:09:09","slug":"curso-de-comunicacion-efectiva-en-el-cfna","status":"publish","type":"post","link":"https:\/\/www.colescba.org.ar\/portal\/novedades\/centro-institucional-de-mediacion\/curso-de-comunicacion-efectiva-en-el-cfna-13-03-2026","title":{"rendered":"Curso de Comunicaci\u00f3n Efectiva en el CFNA"},"content":{"rendered":"\n<p>La Esc. Graciela Curuchelar particip\u00f3 como disertante en el curso Comunicaci\u00f3n Efectiva, que cont\u00f3 con 430 personas inscriptas de Argentina, Bolivia, M\u00e9xico, Per\u00fa, Uruguay y Ecuador, generando un valioso espacio de aprendizaje e intercambio a nivel regional.<br><\/p>\n\n\n\n<p>\u00a1Gracias por convocarnos! Seguimos construyendo espacios de formaci\u00f3n y di\u00e1logo.<\/p>\n\n\n\n<p><\/p>\n","protected":false},"excerpt":{"rendered":"<p>La Esc. Graciela Curuchelar particip\u00f3 como disertante en el curso Comunicaci\u00f3n Efectiva, que cont\u00f3 con 430 personas inscriptas de Argentina, Bolivia, M\u00e9xico, Per\u00fa, Uruguay y Ecuador, generando un valioso espacio de aprendizaje e intercambio a nivel regional. \u00a1Gracias por convocarnos! Seguimos construyendo espacios de formaci\u00f3n y di\u00e1logo.<\/p>\n","protected":false},"author":10,"featured_media":61963,"comment_status":"closed","ping_status":"closed","sticky":false,"template":"","format":"standard","meta":{"footnotes":""},"categories":[91],"tags":[],"noticias":[],"class_list":["post-61962","post","type-post","status-publish","format-standard","has-post-thumbnail","hentry","category-centro-institucional-de-mediacion"],"acf":[],"_links":{"self":[{"href":"https:\/\/www.colescba.org.ar\/portal\/wp-json\/wp\/v2\/posts\/61962","targetHints":{"allow":["GET"]}}],"collection":[{"href":"https:\/\/www.colescba.org.ar\/portal\/wp-json\/wp\/v2\/posts"}],"about":[{"href":"https:\/\/www.colescba.org.ar\/portal\/wp-json\/wp\/v2\/types\/post"}],"author":[{"embeddable":true,"href":"https:\/\/www.colescba.org.ar\/portal\/wp-json\/wp\/v2\/users\/10"}],"replies":[{"embeddable":true,"href":"https:\/\/www.colescba.org.ar\/portal\/wp-json\/wp\/v2\/comments?post=61962"}],"version-history":[{"count":1,"href":"https:\/\/www.colescba.org.ar\/portal\/wp-json\/wp\/v2\/posts\/61962\/revisions"}],"predecessor-version":[{"id":61964,"href":"https:\/\/www.colescba.org.ar\/portal\/wp-json\/wp\/v2\/posts\/61962\/revisions\/61964"}],"wp:featuredmedia":[{"embeddable":true,"href":"https:\/\/www.colescba.org.ar\/portal\/wp-json\/wp\/v2\/media\/61963"}],"wp:attachment":[{"href":"https:\/\/www.colescba.org.ar\/portal\/wp-json\/wp\/v2\/media?parent=61962"}],"wp:term":[{"taxonomy":"category","embeddable":true,"href":"https:\/\/www.colescba.org.ar\/portal\/wp-json\/wp\/v2\/categories?post=61962"},{"taxonomy":"post_tag","embeddable":true,"href":"https:\/\/www.colescba.org.ar\/portal\/wp-json\/wp\/v2\/tags?post=61962"},{"taxonomy":"noticias","embeddable":true,"href":"https:\/\/www.colescba.org.ar\/portal\/wp-json\/wp\/v2\/noticias?post=61962"}],"curies":[{"name":"wp","href":"https:\/\/api.w.org\/{rel}","templated":true}]}}