{"id":62626,"date":"2026-04-28T12:46:48","date_gmt":"2026-04-28T15:46:48","guid":{"rendered":"https:\/\/www.colescba.org.ar\/portal\/?p=62626"},"modified":"2026-04-28T12:47:05","modified_gmt":"2026-04-28T15:47:05","slug":"comenzo-la-segunda-edicion-de-mediacion-voluntaria-una-nueva-oportunidad-de-formacion-y-crecimiento","status":"publish","type":"post","link":"https:\/\/www.colescba.org.ar\/portal\/novedades\/centro-institucional-de-mediacion\/comenzo-la-segunda-edicion-de-mediacion-voluntaria-una-nueva-oportunidad-de-formacion-y-crecimiento-28-04-2026","title":{"rendered":"Comenz\u00f3 la segunda edici\u00f3n de Mediaci\u00f3n Voluntaria, una nueva oportunidad de formaci\u00f3n y crecimiento"},"content":{"rendered":"\n<p>Comenz\u00f3 la segunda edici\u00f3n de Mediaci\u00f3n Voluntaria, una nueva oportunidad de formaci\u00f3n y crecimiento.<\/p>\n\n\n\n<p>Se trata de una capacitaci\u00f3n online, 100% becada y homologada por el Ministerio de Justicia de la Provincia de Buenos Aires, que se extender\u00e1 hasta el 25 de noviembre.<\/p>\n\n\n\n<p>Las organizadoras celebraron este nuevo comienzo y desearon a los participantes muchos \u00e9xitos en esta etapa de aprendizaje y construcci\u00f3n colectiva.<\/p>\n\n\n\n<p><\/p>\n","protected":false},"excerpt":{"rendered":"<p>Comenz\u00f3 la segunda edici\u00f3n de Mediaci\u00f3n Voluntaria, una nueva oportunidad de formaci\u00f3n y crecimiento. Se trata de una capacitaci\u00f3n online, 100% becada y homologada por el Ministerio de Justicia de la Provincia de Buenos Aires, que se extender\u00e1 hasta el 25 de noviembre. Las organizadoras celebraron este nuevo comienzo y desearon a los participantes muchos [&hellip;]<\/p>\n","protected":false},"author":8,"featured_media":62627,"comment_status":"closed","ping_status":"closed","sticky":false,"template":"","format":"standard","meta":{"footnotes":""},"categories":[91],"tags":[],"noticias":[],"class_list":["post-62626","post","type-post","status-publish","format-standard","has-post-thumbnail","hentry","category-centro-institucional-de-mediacion"],"acf":[],"_links":{"self":[{"href":"https:\/\/www.colescba.org.ar\/portal\/wp-json\/wp\/v2\/posts\/62626","targetHints":{"allow":["GET"]}}],"collection":[{"href":"https:\/\/www.colescba.org.ar\/portal\/wp-json\/wp\/v2\/posts"}],"about":[{"href":"https:\/\/www.colescba.org.ar\/portal\/wp-json\/wp\/v2\/types\/post"}],"author":[{"embeddable":true,"href":"https:\/\/www.colescba.org.ar\/portal\/wp-json\/wp\/v2\/users\/8"}],"replies":[{"embeddable":true,"href":"https:\/\/www.colescba.org.ar\/portal\/wp-json\/wp\/v2\/comments?post=62626"}],"version-history":[{"count":2,"href":"https:\/\/www.colescba.org.ar\/portal\/wp-json\/wp\/v2\/posts\/62626\/revisions"}],"predecessor-version":[{"id":62633,"href":"https:\/\/www.colescba.org.ar\/portal\/wp-json\/wp\/v2\/posts\/62626\/revisions\/62633"}],"wp:featuredmedia":[{"embeddable":true,"href":"https:\/\/www.colescba.org.ar\/portal\/wp-json\/wp\/v2\/media\/62627"}],"wp:attachment":[{"href":"https:\/\/www.colescba.org.ar\/portal\/wp-json\/wp\/v2\/media?parent=62626"}],"wp:term":[{"taxonomy":"category","embeddable":true,"href":"https:\/\/www.colescba.org.ar\/portal\/wp-json\/wp\/v2\/categories?post=62626"},{"taxonomy":"post_tag","embeddable":true,"href":"https:\/\/www.colescba.org.ar\/portal\/wp-json\/wp\/v2\/tags?post=62626"},{"taxonomy":"noticias","embeddable":true,"href":"https:\/\/www.colescba.org.ar\/portal\/wp-json\/wp\/v2\/noticias?post=62626"}],"curies":[{"name":"wp","href":"https:\/\/api.w.org\/{rel}","templated":true}]}}