{"id":66171,"date":"2026-09-03T09:21:25","date_gmt":"2026-09-03T12:21:25","guid":{"rendered":"https:\/\/www.colescba.org.ar\/portal\/?p=66171"},"modified":"2026-09-03T09:21:26","modified_gmt":"2026-09-03T12:21:26","slug":"participacion-institucional-en-la-iv-jornada-notarial-mendocina","status":"publish","type":"post","link":"https:\/\/www.colescba.org.ar\/portal\/novedades\/participacion-institucional-en-la-iv-jornada-notarial-mendocina-03-09-2026","title":{"rendered":"Participaci\u00f3n institucional en la IV Jornada Notarial Mendocina"},"content":{"rendered":"\n<p class=\"wp-block-paragraph\">El jueves 3 de septiembre comenz\u00f3 la IV Jornada Notarial Mendocina, que cuenta con la participaci\u00f3n de notarios bonaerenses y culminar\u00e1 el viernes 4 con el acto de clausura.<\/p>\n\n\n\n<p class=\"wp-block-paragraph\">En representaci\u00f3n del Colegio participan la Vicepresidente 2\u00b0, Sabina Podrez Yaniz; y los notarios B\u00e1rbara Drake, en el Tema 1, \u201cLa preconstituci\u00f3n de prueba notarial en el \u00e1mbito digital\u201d; y Agust\u00edn Valenti, en el Tema 2, \u201cVisi\u00f3n actual de las garant\u00edas reales y personales\u201d.<\/p>\n\n\n\n<p class=\"wp-block-paragraph\">El encuentro acad\u00e9mico e institucional convoca a representantes del notariado y a destacados disertantes para abordar tem\u00e1ticas de especial inter\u00e9s para el ejercicio profesional.<\/p>\n\n\n\n<p class=\"wp-block-paragraph\">La actividad se lleva a cabo en la Legislatura de Mendoza, desde las 8.30, y contempla el tratamiento de diversos ejes vinculados con los desaf\u00edos actuales de la funci\u00f3n notarial.<\/p>\n\n\n\n<p class=\"wp-block-paragraph\">Asimismo, participan como disertantes Karina Vanesa Salierno, quien expone sobre \u201cLa preconstituci\u00f3n de prueba y la funci\u00f3n notarial\u201d y \u201cLos desaf\u00edos del ecosistema digital\u201d; y Nicol\u00e1s Soligo Schuler, quien aborda el tema \u201cFideicomiso de garant\u00eda\u201d.<\/p>\n\n\n\n<p class=\"wp-block-paragraph\">La jornada constituye un valioso espacio de reflexi\u00f3n, formaci\u00f3n y fortalecimiento de los v\u00ednculos institucionales, en beneficio del ejercicio profesional de los escribanos.<\/p>\n\n\n\n<p class=\"wp-block-paragraph\"><\/p>\n","protected":false},"excerpt":{"rendered":"<p>El jueves 3 de septiembre comenz\u00f3 la IV Jornada Notarial Mendocina, que cuenta con la participaci\u00f3n de notarios bonaerenses y culminar\u00e1 el viernes 4 con el acto de clausura. En representaci\u00f3n del Colegio participan la Vicepresidente 2\u00b0, Sabina Podrez Yaniz; y los notarios B\u00e1rbara Drake, en el Tema 1, \u201cLa preconstituci\u00f3n de prueba notarial en [&hellip;]<\/p>\n","protected":false},"author":11,"featured_media":66202,"comment_status":"closed","ping_status":"closed","sticky":false,"template":"","format":"standard","meta":{"footnotes":""},"categories":[10],"tags":[],"noticias":[],"class_list":["post-66171","post","type-post","status-publish","format-standard","has-post-thumbnail","hentry","category-novedades"],"acf":[],"_links":{"self":[{"href":"https:\/\/www.colescba.org.ar\/portal\/wp-json\/wp\/v2\/posts\/66171","targetHints":{"allow":["GET"]}}],"collection":[{"href":"https:\/\/www.colescba.org.ar\/portal\/wp-json\/wp\/v2\/posts"}],"about":[{"href":"https:\/\/www.colescba.org.ar\/portal\/wp-json\/wp\/v2\/types\/post"}],"author":[{"embeddable":true,"href":"https:\/\/www.colescba.org.ar\/portal\/wp-json\/wp\/v2\/users\/11"}],"replies":[{"embeddable":true,"href":"https:\/\/www.colescba.org.ar\/portal\/wp-json\/wp\/v2\/comments?post=66171"}],"version-history":[{"count":13,"href":"https:\/\/www.colescba.org.ar\/portal\/wp-json\/wp\/v2\/posts\/66171\/revisions"}],"predecessor-version":[{"id":66203,"href":"https:\/\/www.colescba.org.ar\/portal\/wp-json\/wp\/v2\/posts\/66171\/revisions\/66203"}],"wp:featuredmedia":[{"embeddable":true,"href":"https:\/\/www.colescba.org.ar\/portal\/wp-json\/wp\/v2\/media\/66202"}],"wp:attachment":[{"href":"https:\/\/www.colescba.org.ar\/portal\/wp-json\/wp\/v2\/media?parent=66171"}],"wp:term":[{"taxonomy":"category","embeddable":true,"href":"https:\/\/www.colescba.org.ar\/portal\/wp-json\/wp\/v2\/categories?post=66171"},{"taxonomy":"post_tag","embeddable":true,"href":"https:\/\/www.colescba.org.ar\/portal\/wp-json\/wp\/v2\/tags?post=66171"},{"taxonomy":"noticias","embeddable":true,"href":"https:\/\/www.colescba.org.ar\/portal\/wp-json\/wp\/v2\/noticias?post=66171"}],"curies":[{"name":"wp","href":"https:\/\/api.w.org\/{rel}","templated":true}]}}