{"id":66182,"date":"2026-09-02T14:18:30","date_gmt":"2026-09-02T17:18:30","guid":{"rendered":"https:\/\/www.colescba.org.ar\/portal\/?p=66182"},"modified":"2026-09-02T14:36:36","modified_gmt":"2026-09-02T17:36:36","slug":"nueva-reunion-del-ateneo-sobre-personas-juridicas-en-el-consejo-profesional-de-ciencias-economicas","status":"publish","type":"post","link":"https:\/\/www.colescba.org.ar\/portal\/novedades\/nueva-reunion-del-ateneo-sobre-personas-juridicas-en-el-consejo-profesional-de-ciencias-economicas-02-09-2026","title":{"rendered":"Nueva reuni\u00f3n del Ateneo sobre Personas Jur\u00eddicas en el Consejo Profesional de Ciencias Econ\u00f3micas"},"content":{"rendered":"\n<p class=\"wp-block-paragraph\">El 2 de septiembre se llev\u00f3 a cabo, en la sede del Consejo Profesional de Ciencias Econ\u00f3micas de la Provincia de Buenos Aires, una nueva reuni\u00f3n del Ateneo sobre Personas Jur\u00eddicas, un espacio de trabajo interinstitucional destinado al an\u00e1lisis t\u00e9cnico y al fortalecimiento de los procesos vinculados con la actividad jur\u00eddica, societaria y registral.<\/p>\n\n\n\n<p class=\"wp-block-paragraph\">La jornada se desarroll\u00f3 durante la ma\u00f1ana y reuni\u00f3 a autoridades y representantes de distintos organismos y entidades profesionales relacionados con la materia.<\/p>\n\n\n\n<p class=\"wp-block-paragraph\">En representaci\u00f3n del Colegio de Escribanos participaron el Secretario de Gobierno, Francisco Barreto Peltzer, la escribana Carina P\u00e9rez Lozano, quien coordina el grupo de notarios y notarias que participan del Ateneo; y los integrantes de la Comisi\u00f3n de Personas Jur\u00eddicas: Manuel Aguilera, Esteban Roberto Ebrecht, y Mar\u00eda de las Mercedes Lynn Berecibar.<\/p>\n\n\n\n<p class=\"wp-block-paragraph\">El encuentro permiti\u00f3 avanzar en el trabajo articulado entre las instituciones participantes y consolidar un \u00e1mbito de intercambio t\u00e9cnico orientado a mejorar herramientas y procedimientos que impactan en el ejercicio profesional y en la prestaci\u00f3n de servicios a la comunidad.<\/p>\n\n\n\n<p class=\"wp-block-paragraph\"><\/p>\n","protected":false},"excerpt":{"rendered":"<p>El 2 de septiembre se llev\u00f3 a cabo, en la sede del Consejo Profesional de Ciencias Econ\u00f3micas de la Provincia de Buenos Aires, una nueva reuni\u00f3n del Ateneo sobre Personas Jur\u00eddicas, un espacio de trabajo interinstitucional destinado al an\u00e1lisis t\u00e9cnico y al fortalecimiento de los procesos vinculados con la actividad jur\u00eddica, societaria y registral. La [&hellip;]<\/p>\n","protected":false},"author":11,"featured_media":66188,"comment_status":"closed","ping_status":"closed","sticky":false,"template":"","format":"standard","meta":{"footnotes":""},"categories":[10],"tags":[],"noticias":[],"class_list":["post-66182","post","type-post","status-publish","format-standard","has-post-thumbnail","hentry","category-novedades"],"acf":[],"_links":{"self":[{"href":"https:\/\/www.colescba.org.ar\/portal\/wp-json\/wp\/v2\/posts\/66182","targetHints":{"allow":["GET"]}}],"collection":[{"href":"https:\/\/www.colescba.org.ar\/portal\/wp-json\/wp\/v2\/posts"}],"about":[{"href":"https:\/\/www.colescba.org.ar\/portal\/wp-json\/wp\/v2\/types\/post"}],"author":[{"embeddable":true,"href":"https:\/\/www.colescba.org.ar\/portal\/wp-json\/wp\/v2\/users\/11"}],"replies":[{"embeddable":true,"href":"https:\/\/www.colescba.org.ar\/portal\/wp-json\/wp\/v2\/comments?post=66182"}],"version-history":[{"count":13,"href":"https:\/\/www.colescba.org.ar\/portal\/wp-json\/wp\/v2\/posts\/66182\/revisions"}],"predecessor-version":[{"id":66198,"href":"https:\/\/www.colescba.org.ar\/portal\/wp-json\/wp\/v2\/posts\/66182\/revisions\/66198"}],"wp:featuredmedia":[{"embeddable":true,"href":"https:\/\/www.colescba.org.ar\/portal\/wp-json\/wp\/v2\/media\/66188"}],"wp:attachment":[{"href":"https:\/\/www.colescba.org.ar\/portal\/wp-json\/wp\/v2\/media?parent=66182"}],"wp:term":[{"taxonomy":"category","embeddable":true,"href":"https:\/\/www.colescba.org.ar\/portal\/wp-json\/wp\/v2\/categories?post=66182"},{"taxonomy":"post_tag","embeddable":true,"href":"https:\/\/www.colescba.org.ar\/portal\/wp-json\/wp\/v2\/tags?post=66182"},{"taxonomy":"noticias","embeddable":true,"href":"https:\/\/www.colescba.org.ar\/portal\/wp-json\/wp\/v2\/noticias?post=66182"}],"curies":[{"name":"wp","href":"https:\/\/api.w.org\/{rel}","templated":true}]}}